{"id":60015,"date":"2025-03-20T17:40:20","date_gmt":"2025-03-20T17:40:20","guid":{"rendered":"https:\/\/lahora.mx\/?p=60015"},"modified":"2025-03-20T17:40:21","modified_gmt":"2025-03-20T17:40:21","slug":"taxistas-del-periferico-marchan-por-toda-la-atlixcayotl","status":"publish","type":"post","link":"https:\/\/lahora.mx\/index.php\/2025\/03\/20\/taxistas-del-periferico-marchan-por-toda-la-atlixcayotl\/","title":{"rendered":"Taxistas del Perif\u00e9rico marchan por toda la Atlixc\u00e1yotl"},"content":{"rendered":"\n<p>Operadores de<strong>&nbsp;taxis&nbsp;<\/strong>y miembros de la organizaci\u00f3n<strong>28 de Octubre<\/strong>&nbsp;marchan este jueves en la&nbsp;<strong>V\u00eda Atlixc\u00e1yotl<\/strong>, a la altura de&nbsp;<strong>Lomas de Angel\u00f3polis<\/strong>. La protesta fue en<strong>&nbsp;rechazo al retiro de transporte irregular&nbsp;<\/strong>en la zona y a las nuevas rutas implementadas por el&nbsp;<strong>Gobierno del Estado.<\/strong><\/p>\n\n\n\n<p>Alrededor de\u00a0<strong>300 personas\u00a0<\/strong>se concentraron en el<strong>\u00a0Bulevar de Los Reyes y la Avenida del Castillo\u00a0<\/strong>antes de iniciar su marcha sobre la V\u00eda Atlixc\u00e1yotl con direcci\u00f3n a Puebla.<br>Su recorrido culminar\u00e1 en el Centro Integral de Servicios (CIS), tras recorrer aproximadamente dos kil\u00f3metros, lanzando consignas contra la administraci\u00f3n estatal.<br><br><strong>Rechazan medidas de movilidad y defienden su actividad<\/strong><\/p>\n\n\n\n<p>Los manifestantes aseguraron que<strong>\u00a0no forman parte de grupos delincuenciales,<\/strong>\u00a0sino que son trabajadores que han sido desplazados con estas acciones. Adem\u00e1s, argumentaron que la eliminaci\u00f3n de\u00a0<strong>taxis colectivos\u00a0<\/strong>ha afectado a numerosos empleados de la zona, especialmente a quienes laboran en Lomas de Angel\u00f3polis y dependen de este transporte.<br><br>Se\u00f1alaron que las decisiones tomadas por la titular de la\u00a0<strong>Secretar\u00eda de Movilidad y Transporte, Silvia Tan\u00fas Osorio,<\/strong>\u00a0han sido arbitrarias y favorecen \u00fanicamente a quienes cuentan con autom\u00f3vil propio.<br>Desde el pasado jueves, cuando entraron en operaci\u00f3n los nuevos recorridos de la L\u00ednea 4 del RUTA en Lomas de Angel\u00f3polis, los usuarios han expresado su inconformidad.<\/p>\n\n\n\n<p><strong>Trabajadoras del hogar entre las m\u00e1s afectadas<\/strong><\/p>\n\n\n\n<p>Uno de los sectores m\u00e1s perjudicados es el de las<strong>&nbsp;trabajadoras dom\u00e9sticas,<\/strong>&nbsp;quienes han se\u00f1alado que las&nbsp;<strong>unidades retiradas por el gobierno<\/strong>&nbsp;facilitaban su acceso a los cl\u00fasteres donde laboran.<\/p>\n\n\n\n<p>Actualmente, la<strong>\u00a0\u00faltima parada del RUTA\u00a0<\/strong>se encuentra en los macrotanques de agua de\u00a0<strong>Lomas III<\/strong>,<strong>\u00a0<\/strong>lo que obliga a muchas de ellas a caminar hasta una hora y media para llegar a sus centros de trabajo.<br><br>El martes, e-consulta entrevist\u00f3 a varias\u00a0mujeres afectadas por las nuevas rutas, algunas de las cuales advirtieron que, de mantenerse esta situaci\u00f3n, podr\u00edan\u00a0<strong>verse obligadas a renunciar a sus empleos.\u00a0<\/strong><\/p>\n","protected":false},"excerpt":{"rendered":"<p>Operadores de&nbsp;taxis&nbsp;y miembros de la organizaci\u00f3n28 de Octubre&nbsp;marchan este jueves en la&nbsp;V\u00eda Atlixc\u00e1yotl, a la altura de&nbsp;Lomas de Angel\u00f3polis. La protesta fue en&nbsp;rechazo al retiro de transporte irregular&nbsp;en la zona y a las nuevas rutas implementadas por el&nbsp;Gobierno del Estado. Alrededor de\u00a0300 personas\u00a0se concentraron en el\u00a0Bulevar de Los Reyes y la Avenida del Castillo\u00a0antes de [&hellip;]<\/p>\n","protected":false},"author":4,"featured_media":60016,"comment_status":"open","ping_status":"open","sticky":false,"template":"","format":"standard","meta":{"om_disable_all_campaigns":false,"_monsterinsights_skip_tracking":false,"_monsterinsights_sitenote_active":false,"_monsterinsights_sitenote_note":"","_monsterinsights_sitenote_category":0,"footnotes":""},"categories":[175],"tags":[195,223],"class_list":["post-60015","post","type-post","status-publish","format-standard","has-post-thumbnail","hentry","category-local","tag-principal","tag-puebla"],"amp_enabled":true,"_links":{"self":[{"href":"https:\/\/lahora.mx\/index.php\/wp-json\/wp\/v2\/posts\/60015","targetHints":{"allow":["GET"]}}],"collection":[{"href":"https:\/\/lahora.mx\/index.php\/wp-json\/wp\/v2\/posts"}],"about":[{"href":"https:\/\/lahora.mx\/index.php\/wp-json\/wp\/v2\/types\/post"}],"author":[{"embeddable":true,"href":"https:\/\/lahora.mx\/index.php\/wp-json\/wp\/v2\/users\/4"}],"replies":[{"embeddable":true,"href":"https:\/\/lahora.mx\/index.php\/wp-json\/wp\/v2\/comments?post=60015"}],"version-history":[{"count":1,"href":"https:\/\/lahora.mx\/index.php\/wp-json\/wp\/v2\/posts\/60015\/revisions"}],"predecessor-version":[{"id":60017,"href":"https:\/\/lahora.mx\/index.php\/wp-json\/wp\/v2\/posts\/60015\/revisions\/60017"}],"wp:featuredmedia":[{"embeddable":true,"href":"https:\/\/lahora.mx\/index.php\/wp-json\/wp\/v2\/media\/60016"}],"wp:attachment":[{"href":"https:\/\/lahora.mx\/index.php\/wp-json\/wp\/v2\/media?parent=60015"}],"wp:term":[{"taxonomy":"category","embeddable":true,"href":"https:\/\/lahora.mx\/index.php\/wp-json\/wp\/v2\/categories?post=60015"},{"taxonomy":"post_tag","embeddable":true,"href":"https:\/\/lahora.mx\/index.php\/wp-json\/wp\/v2\/tags?post=60015"}],"curies":[{"name":"wp","href":"https:\/\/api.w.org\/{rel}","templated":true}]}}