{"id":60012,"date":"2025-03-20T17:36:52","date_gmt":"2025-03-20T17:36:52","guid":{"rendered":"https:\/\/lahora.mx\/?p=60012"},"modified":"2025-03-20T17:36:53","modified_gmt":"2025-03-20T17:36:53","slug":"dejan-restos-humanos-embolsados-en-calle-de-rio-blanco-veracruz","status":"publish","type":"post","link":"https:\/\/lahora.mx\/index.php\/2025\/03\/20\/dejan-restos-humanos-embolsados-en-calle-de-rio-blanco-veracruz\/","title":{"rendered":"Dejan restos humanos embolsados en calle de R\u00edo Blanco, Veracruz"},"content":{"rendered":"\n<p>El hallazgo de\u00a0<strong>restos humanos<\/strong>\u00a0<strong>embolsados\u00a0<\/strong>gener\u00f3 una movilizaci\u00f3n policiaca la noche de ayer en inmediaciones de\u00a0<strong>R\u00edo Blanco<\/strong>,\u00a0<strong>Veracruz<\/strong>; versiones extraoficiales se\u00f1alaron que podr\u00edan ser\u00a0<strong>dos o m\u00e1s cuerpos desmembrados <\/strong>, aunque no se confirm\u00f3.<\/p>\n\n\n\n<p>Cerca de las 22:00 horas, autoridades fueron alertadas por lugare\u00f1os de la entrada de&nbsp;<strong>Villas de San Javier 2<\/strong>, en la intersecci\u00f3n de&nbsp;<strong>calle Justo Sierra<\/strong>&nbsp;con&nbsp;<strong>L\u00f3pez Mateos<\/strong>, en la colonia&nbsp;<strong>Benito Ju\u00e1rez, en<\/strong>&nbsp;la zona de Las Altas Monta\u00f1as.<\/p>\n\n\n\n<p>Tras recibir el reporte, elementos de la\u00a0<strong>Polic\u00eda Estatal<\/strong>\u00a0<strong>de Veracruz <\/strong>junto con uniformados de la Secretar\u00eda de la Defensa Nacional (<strong>Defensa<\/strong>) se trasladaron al lugar y corroboraron la alerta ciudadana. Acordonaron el sitio, afuera de las instalaciones del\u00a0<strong>Deportivo Azul<\/strong>, y notificaron a la Fiscal\u00eda regional.<br>Una hora despu\u00e9s, el sitio estaba en tensi\u00f3n, ya que para las pesquisas se exhort\u00f3 a los vecinos del sitio\u00a0<strong>permanecer en sus hogares<\/strong>\u00a0y el tr\u00e1nsito vehicular de la zona fue desviado hacia otras rutas.<\/p>\n\n\n\n<p>Peritos criminalistas realizaron las diligencias necesarias y procedieron al&nbsp;<strong>levantamiento de los restos<\/strong>&nbsp;que llevaron al Servicio M\u00e9dico Forense (<strong>Semefo<\/strong>), donde proceder\u00edan a su identificaci\u00f3n.<\/p>\n\n\n\n<p>Por la situaci\u00f3n de riesgo y el temor de los lugare\u00f1os, se mont\u00f3 un&nbsp;<strong>operativo policial<\/strong>&nbsp;para buscar a los responsables, pero hasta el momento de publicar esta nota la Fiscal\u00eda General del Estado de Veracruz no revel\u00f3 informaci\u00f3n al respecto del hallazgo de&nbsp;<strong>cuerpos desmembrados<\/strong>&nbsp;en&nbsp;<strong>R\u00edo Blanco<\/strong>.<\/p>\n","protected":false},"excerpt":{"rendered":"<p>El hallazgo de\u00a0restos humanos\u00a0embolsados\u00a0gener\u00f3 una movilizaci\u00f3n policiaca la noche de ayer en inmediaciones de\u00a0R\u00edo Blanco,\u00a0Veracruz; versiones extraoficiales se\u00f1alaron que podr\u00edan ser\u00a0dos o m\u00e1s cuerpos desmembrados , aunque no se confirm\u00f3. Cerca de las 22:00 horas, autoridades fueron alertadas por lugare\u00f1os de la entrada de&nbsp;Villas de San Javier 2, en la intersecci\u00f3n de&nbsp;calle Justo Sierra&nbsp;con&nbsp;L\u00f3pez Mateos, [&hellip;]<\/p>\n","protected":false},"author":4,"featured_media":60013,"comment_status":"open","ping_status":"open","sticky":false,"template":"","format":"standard","meta":{"om_disable_all_campaigns":false,"_monsterinsights_skip_tracking":false,"_monsterinsights_sitenote_active":false,"_monsterinsights_sitenote_note":"","_monsterinsights_sitenote_category":0,"footnotes":""},"categories":[175,226],"tags":[223],"class_list":["post-60012","post","type-post","status-publish","format-standard","has-post-thumbnail","hentry","category-local","category-policia","tag-puebla"],"amp_enabled":true,"_links":{"self":[{"href":"https:\/\/lahora.mx\/index.php\/wp-json\/wp\/v2\/posts\/60012","targetHints":{"allow":["GET"]}}],"collection":[{"href":"https:\/\/lahora.mx\/index.php\/wp-json\/wp\/v2\/posts"}],"about":[{"href":"https:\/\/lahora.mx\/index.php\/wp-json\/wp\/v2\/types\/post"}],"author":[{"embeddable":true,"href":"https:\/\/lahora.mx\/index.php\/wp-json\/wp\/v2\/users\/4"}],"replies":[{"embeddable":true,"href":"https:\/\/lahora.mx\/index.php\/wp-json\/wp\/v2\/comments?post=60012"}],"version-history":[{"count":1,"href":"https:\/\/lahora.mx\/index.php\/wp-json\/wp\/v2\/posts\/60012\/revisions"}],"predecessor-version":[{"id":60014,"href":"https:\/\/lahora.mx\/index.php\/wp-json\/wp\/v2\/posts\/60012\/revisions\/60014"}],"wp:featuredmedia":[{"embeddable":true,"href":"https:\/\/lahora.mx\/index.php\/wp-json\/wp\/v2\/media\/60013"}],"wp:attachment":[{"href":"https:\/\/lahora.mx\/index.php\/wp-json\/wp\/v2\/media?parent=60012"}],"wp:term":[{"taxonomy":"category","embeddable":true,"href":"https:\/\/lahora.mx\/index.php\/wp-json\/wp\/v2\/categories?post=60012"},{"taxonomy":"post_tag","embeddable":true,"href":"https:\/\/lahora.mx\/index.php\/wp-json\/wp\/v2\/tags?post=60012"}],"curies":[{"name":"wp","href":"https:\/\/api.w.org\/{rel}","templated":true}]}}