{"id":60004,"date":"2025-03-20T02:44:05","date_gmt":"2025-03-20T02:44:05","guid":{"rendered":"https:\/\/lahora.mx\/?p=60004"},"modified":"2025-03-20T03:51:47","modified_gmt":"2025-03-20T03:51:47","slug":"santiago-momoxpan-es-prioridad-para-el-gobierno-municipal-asegura-tonantzin-fernandez","status":"publish","type":"post","link":"https:\/\/lahora.mx\/index.php\/2025\/03\/20\/santiago-momoxpan-es-prioridad-para-el-gobierno-municipal-asegura-tonantzin-fernandez\/","title":{"rendered":"Santiago Momoxpan, es prioridad para el gobierno municipal, asegura Tonantzin Fern\u00e1ndez"},"content":{"rendered":"\n<p>Santiago Momoxpan, es una prioridad para el gobierno de San Pedro Cholula, es a la primera junta auxiliar que llega el Mi\u00e9rcoles Ciudadano \u201cEscuchando a Cholula\u201d, revel\u00f3 la presidenta municipal, Tonantzin Fern\u00e1ndez D\u00edaz.<br>Este d\u00eda, la edila llev\u00f3 a cabo su tercera jornada ciudadana en el municipio, las dos primeras fueron en la cabecera del municipio cholulteca, y en esta ocasi\u00f3n visit\u00f3 la primera junta auxiliar, Santiago Momoxpan.<br>Agradeci\u00f3 el recibimiento del presidente auxiliar de Momoxpan, Jos\u00e9 Antonio Zu\u00f1iga, quien el pasado fin de semana tom\u00f3 protesta como autoridad. \u201cNosotros somos respetuosos de la democracia\u201d.<br>Sostuvo que trabajar\u00e1 de manera coordinada con el edil auxiliar, para generar mayores apoyos a Santiago, \u201cestamos viendo que la calle 5 de mayo, est\u00e1 avanzando, es una obra que se solicit\u00f3 hace tiempo y en pr\u00f3ximas semanas se inaugurar\u00e1\u201d.<br>Santiago Momoxpan, resalt\u00f3, es una prioridad para el gobierno municipal, \u201ces a la primera junta auxiliar a la que vamos con este gran programa, Mi\u00e9rcoles Ciudadano\u201d, donde se acercaron las secretar\u00edas y direcciones.<br>Hoy, recalc\u00f3 que lo m\u00e1s importante, es escuchar a la gente, \u201cdecirle a los ciudadanos, como dec\u00eda nuestro expresidente, el poder solo tiene sentido, cuando se pone al servicio de\u00a0la\u00a0comunidad\u201d.<\/p>\n","protected":false},"excerpt":{"rendered":"<p>Santiago Momoxpan, es una prioridad para el gobierno de San Pedro Cholula, es a la primera junta auxiliar que llega el Mi\u00e9rcoles Ciudadano \u201cEscuchando a Cholula\u201d, revel\u00f3 la presidenta municipal, Tonantzin Fern\u00e1ndez D\u00edaz.Este d\u00eda, la edila llev\u00f3 a cabo su tercera jornada ciudadana en el municipio, las dos primeras fueron en la cabecera del municipio [&hellip;]<\/p>\n","protected":false},"author":4,"featured_media":60009,"comment_status":"open","ping_status":"open","sticky":false,"template":"","format":"standard","meta":{"om_disable_all_campaigns":false,"_monsterinsights_skip_tracking":false,"_monsterinsights_sitenote_active":false,"_monsterinsights_sitenote_note":"","_monsterinsights_sitenote_category":0,"footnotes":""},"categories":[175],"tags":[234,223],"class_list":["post-60004","post","type-post","status-publish","format-standard","has-post-thumbnail","hentry","category-local","tag-cholula","tag-puebla"],"amp_enabled":true,"_links":{"self":[{"href":"https:\/\/lahora.mx\/index.php\/wp-json\/wp\/v2\/posts\/60004","targetHints":{"allow":["GET"]}}],"collection":[{"href":"https:\/\/lahora.mx\/index.php\/wp-json\/wp\/v2\/posts"}],"about":[{"href":"https:\/\/lahora.mx\/index.php\/wp-json\/wp\/v2\/types\/post"}],"author":[{"embeddable":true,"href":"https:\/\/lahora.mx\/index.php\/wp-json\/wp\/v2\/users\/4"}],"replies":[{"embeddable":true,"href":"https:\/\/lahora.mx\/index.php\/wp-json\/wp\/v2\/comments?post=60004"}],"version-history":[{"count":1,"href":"https:\/\/lahora.mx\/index.php\/wp-json\/wp\/v2\/posts\/60004\/revisions"}],"predecessor-version":[{"id":60006,"href":"https:\/\/lahora.mx\/index.php\/wp-json\/wp\/v2\/posts\/60004\/revisions\/60006"}],"wp:featuredmedia":[{"embeddable":true,"href":"https:\/\/lahora.mx\/index.php\/wp-json\/wp\/v2\/media\/60009"}],"wp:attachment":[{"href":"https:\/\/lahora.mx\/index.php\/wp-json\/wp\/v2\/media?parent=60004"}],"wp:term":[{"taxonomy":"category","embeddable":true,"href":"https:\/\/lahora.mx\/index.php\/wp-json\/wp\/v2\/categories?post=60004"},{"taxonomy":"post_tag","embeddable":true,"href":"https:\/\/lahora.mx\/index.php\/wp-json\/wp\/v2\/tags?post=60004"}],"curies":[{"name":"wp","href":"https:\/\/api.w.org\/{rel}","templated":true}]}}