{"id":60000,"date":"2025-03-20T02:42:07","date_gmt":"2025-03-20T02:42:07","guid":{"rendered":"https:\/\/lahora.mx\/?p=60000"},"modified":"2025-03-20T02:42:08","modified_gmt":"2025-03-20T02:42:08","slug":"lupita-cuautle-sostiene-reunion-con-empresarios-en-la-agenda-por-la-competitividad-2025","status":"publish","type":"post","link":"https:\/\/lahora.mx\/index.php\/2025\/03\/20\/lupita-cuautle-sostiene-reunion-con-empresarios-en-la-agenda-por-la-competitividad-2025\/","title":{"rendered":"Lupita Cuautle sostiene reuni\u00f3n con empresarios en la Agenda por la Competitividad 2025\u00a0"},"content":{"rendered":"\n<p>La presidenta\u00a0municipal de San Andr\u00e9s Cholula, Lupita Cuautle, sostuvo una reuni\u00f3n con empresarios en la Agenda por la Competitividad 2025.\u00a0\u00a0<br><br>En el evento realizado este 19 de marzo, estuvieron presentes diversos sectores empresariales como la C\u00e1mara Nacional de la Industria de Transformaci\u00f3n (Canacintra). As\u00ed como la C\u00e1mara Nacional de la Industria de Restaurantes y Alimentos Condimentados (Canirac), entre otros.&nbsp;&nbsp;<\/p>\n\n\n\n<p>Durante la primera sesi\u00f3n de la Agenda por la Competitividad 2025, Lupita Cuautle destac\u00f3 el desempe\u00f1o de las c\u00e1maras empresariales. Pues dijo que favorecen el desarrollo econ\u00f3mico y social en San Andr\u00e9s Cholula.&nbsp;&nbsp;<\/p>\n\n\n\n<p>La edil explic\u00f3 que esta mesa de trabajo tiene como objetivo establecer un canal de comunicaci\u00f3n directo con el sector privado. A fin de desarrollar l\u00edneas de trabajo claras en donde la colaboraci\u00f3n mutua permita identificar los retos y crear oportunidades para impulsar la econom\u00eda de la regi\u00f3n.&nbsp;&nbsp;<\/p>\n\n\n\n<p>Por otro lado, Lupita Cuautle se\u00f1al\u00f3 que en la primera sesi\u00f3n de esta agenda se abordaron temas como la Seguridad P\u00fablica y los avances en materia de mejora regulatoria.&nbsp;&nbsp;<\/p>\n\n\n\n<p>De igual forma, se presentaron distintas acciones que el gobierno de San Andr\u00e9s Cholula est\u00e1 implementando en el\u00a0municipio. Entre ellas, la seguridad de las mujeres y acciones en beneficio de las personas vulnerables.\u00a0\u00a0<\/p>\n\n\n\n<p>A trav\u00e9s de esta primera reuni\u00f3n que estamos generando, pretendemos crear lazos de comunicaci\u00f3n y sobre todo que las diferentes secretar\u00edas atiendan asuntos que surjan, como lo es el tema de seguridad, el tema de la secretar\u00eda de igualdad y sustantiva de g\u00e9nero, de esta forma generar un v\u00ednculo directo con los secretarios, sabemos bien que una empresa o negocio no funciona bien si no hay seguridad\u201d.\u00a0\u00a0<br><br>Adem\u00e1s de presentar la Agenda por la Competitividad, Lupita Cuautle se\u00f1al\u00f3 que San Andr\u00e9s Cholula firm\u00f3 un convenio de colaboraci\u00f3n con\u00a0Canacintra. En el cual, el sector privado est\u00e1 dispuesto a realizar jornadas de salud y atenci\u00f3n para el municipio.\u00a0\u00a0<\/p>\n\n\n\n<h2 class=\"wp-block-heading\" id=\"h-ayuntamiento-de-san-andres-cholula-atendio-cinco-fugas-de-gas-en-marzo-nbsp\"><strong>Ayuntamiento de San Andr\u00e9s Cholula atendi\u00f3 cinco fugas de gas en marzo<\/strong>&nbsp;<\/h2>\n\n\n\n<p>La presidenta municipal de San Andr\u00e9s Cholula, Lupita Cuautle dio a conocer que en lo que va del mes de marzo 2025, el ayuntamiento ha atendido cinco fugas de gas.&nbsp;&nbsp;<\/p>\n\n\n\n<p>En entrevista, destac\u00f3 la prevenci\u00f3n de esta problem\u00e1tica que representa un riesgo para la poblaci\u00f3n, pues dijo que los casos ocurrieron en un solo fin de semana.&nbsp;&nbsp;<\/p>\n\n\n\n<p><\/p>\n\n\n\n<p>Por tal motivo, Lupita Cuautle dijo que a trav\u00e9s de las redes sociales del Ayuntamiento de San Andr\u00e9s Cholula, se promueve la revisi\u00f3n de tuber\u00edas y tanques de gas. Para lo que ya trabajan coordinadamente con Protecci\u00f3n Civil.&nbsp;&nbsp;<\/p>\n\n\n\n<p>Adem\u00e1s, la alcaldesa dijo que, debido al calor y otros factores humanos, se pueden generar incendios en los pastizales en esta temporada. Por lo que hizo la invitaci\u00f3n a los sanandrese\u00f1os a mantener limpios los espacios para evitar alguna incidencia.&nbsp;&nbsp;<\/p>\n","protected":false},"excerpt":{"rendered":"<p>La presidenta\u00a0municipal de San Andr\u00e9s Cholula, Lupita Cuautle, sostuvo una reuni\u00f3n con empresarios en la Agenda por la Competitividad 2025.\u00a0\u00a0 En el evento realizado este 19 de marzo, estuvieron presentes diversos sectores empresariales como la C\u00e1mara Nacional de la Industria de Transformaci\u00f3n (Canacintra). As\u00ed como la C\u00e1mara Nacional de la Industria de Restaurantes y Alimentos [&hellip;]<\/p>\n","protected":false},"author":4,"featured_media":60001,"comment_status":"open","ping_status":"open","sticky":false,"template":"","format":"standard","meta":{"om_disable_all_campaigns":false,"_monsterinsights_skip_tracking":false,"_monsterinsights_sitenote_active":false,"_monsterinsights_sitenote_note":"","_monsterinsights_sitenote_category":0,"footnotes":""},"categories":[175],"tags":[234,223],"class_list":["post-60000","post","type-post","status-publish","format-standard","has-post-thumbnail","hentry","category-local","tag-cholula","tag-puebla"],"amp_enabled":true,"_links":{"self":[{"href":"https:\/\/lahora.mx\/index.php\/wp-json\/wp\/v2\/posts\/60000","targetHints":{"allow":["GET"]}}],"collection":[{"href":"https:\/\/lahora.mx\/index.php\/wp-json\/wp\/v2\/posts"}],"about":[{"href":"https:\/\/lahora.mx\/index.php\/wp-json\/wp\/v2\/types\/post"}],"author":[{"embeddable":true,"href":"https:\/\/lahora.mx\/index.php\/wp-json\/wp\/v2\/users\/4"}],"replies":[{"embeddable":true,"href":"https:\/\/lahora.mx\/index.php\/wp-json\/wp\/v2\/comments?post=60000"}],"version-history":[{"count":1,"href":"https:\/\/lahora.mx\/index.php\/wp-json\/wp\/v2\/posts\/60000\/revisions"}],"predecessor-version":[{"id":60002,"href":"https:\/\/lahora.mx\/index.php\/wp-json\/wp\/v2\/posts\/60000\/revisions\/60002"}],"wp:featuredmedia":[{"embeddable":true,"href":"https:\/\/lahora.mx\/index.php\/wp-json\/wp\/v2\/media\/60001"}],"wp:attachment":[{"href":"https:\/\/lahora.mx\/index.php\/wp-json\/wp\/v2\/media?parent=60000"}],"wp:term":[{"taxonomy":"category","embeddable":true,"href":"https:\/\/lahora.mx\/index.php\/wp-json\/wp\/v2\/categories?post=60000"},{"taxonomy":"post_tag","embeddable":true,"href":"https:\/\/lahora.mx\/index.php\/wp-json\/wp\/v2\/tags?post=60000"}],"curies":[{"name":"wp","href":"https:\/\/api.w.org\/{rel}","templated":true}]}}