{"id":59990,"date":"2025-03-19T20:12:03","date_gmt":"2025-03-19T20:12:03","guid":{"rendered":"https:\/\/lahora.mx\/?p=59990"},"modified":"2025-03-19T20:12:04","modified_gmt":"2025-03-19T20:12:04","slug":"estudiantes-en-paro-de-la-buap-entregan-pliego-petitorio-a-rectora-cedillo","status":"publish","type":"post","link":"https:\/\/lahora.mx\/index.php\/2025\/03\/19\/estudiantes-en-paro-de-la-buap-entregan-pliego-petitorio-a-rectora-cedillo\/","title":{"rendered":"Estudiantes en paro de la BUAP entregan pliego petitorio a rectora Cedillo"},"content":{"rendered":"\n<p>Alumnos organizados en\u00a0<strong>paro estudiantil<\/strong>\u00a0de Ciudad Universitaria (<strong>CU<\/strong>) de la Benem\u00e9rita Universidad Aut\u00f3noma de Puebla (<strong>BUAP<\/strong>) entregaron esta tarde su\u00a0pliego petitorio general a la\u00a0<strong>rectora Lilia Cedillo Ram\u00edrez<\/strong>, tras un mes de comenzar el conflicto estudiantil.<\/p>\n\n\n\n<p>La entrega del documento se llev\u00f3 a cabo en las inmediaciones de la\u00a0<strong>Puerta 3<\/strong>\u00a0del campus universitario, en presencia de la presidenta de la Comisi\u00f3n de Derechos Humanos del Estado de Puebla (<strong>CDH Puebla<\/strong>),\u00a0<strong>Rosa Isela S\u00e1nchez Soya<\/strong>.<br><br>Alrededor de las 11:00 horas de este mi\u00e9rcoles,\u00a0<strong>voceros<\/strong>\u00a0de las diversas licenciaturas de la\u00a0<strong>BUAP<\/strong>\u00a0que se encuentran en paro estudiantil se reunieron con integrantes de la\u00a0<strong>Comisi\u00f3n Institucional de Di\u00e1logo<\/strong>\u00a0de la instituci\u00f3n para formalizar la entrega del\u00a0<strong>pliego petitorio<\/strong>\u00a0a la rectora.<\/p>\n\n\n\n<p>Durante el encuentro los estudiantes\u00a0<strong>solicitaron la firma de un documento<\/strong>\u00a0en el que los acad\u00e9micos se comprometieran a\u00a0<strong>no tomar represalias<\/strong>\u00a0contra aquellos que participaron en el\u00a0<strong>movimiento estudiantil<\/strong>\u00a0universitario.<br><br>Este documento lo recibi\u00f3 por la\u00a0<strong>abogada general<\/strong>\u00a0de la\u00a0<strong>BUAP<\/strong>,\u00a0<strong>Miriam Olga Ponce G\u00f3mez<\/strong>, quien ser\u00e1 la encargada de dar seguimiento a la solicitud de los paristas.<br><br><strong>Seguiremos con el di\u00e1logo para escuchar sus peticiones, asegura Cedillo<\/strong><\/p>\n\n\n\n<p>Tras recibir el pliego petitorio, la&nbsp;<strong>doctora Lilia Cedillo Ram\u00edrez<\/strong>reconoci\u00f3 la disposici\u00f3n de los&nbsp;<strong>estudiantes organizados<\/strong>&nbsp;para dialogar y asegur\u00f3 que todas sus demandas ser\u00e1n analizadas y atendidas.<\/p>\n\n\n\n<p>Reiter\u00f3 que cualquier\u00a0<strong>integrante de la BUAP<\/strong>\u00a0que enfrente represalias por su participaci\u00f3n en el\u00a0<strong>paro estudiantil<\/strong>\u00a0podr\u00e1 acudir a la oficina de la\u00a0<strong>abogada general<\/strong>\u00a0o enviar un correo a abogada.general@correo.buap.mx para recibir apoyo.<br><br>Cedillo Ram\u00edrez invit\u00f3 a los&nbsp;<strong>estudiantes organizados<\/strong>&nbsp;a participar en una&nbsp;<strong>primera mesa de trabajo<\/strong>&nbsp;programada para ma\u00f1ana a las 16:00 horas, en la explanada de&nbsp;<strong>Torre de Rector\u00eda<\/strong>&nbsp;en Ciudad Universitario.<\/p>\n\n\n\n<p>Ante la invitaci\u00f3n los&nbsp;<strong>estudiantes en paro<\/strong>&nbsp;se\u00f1alaron que, antes de tomar una decisi\u00f3n, consultar\u00e1n con todas las facultades involucradas.<\/p>\n\n\n\n<h2 class=\"wp-block-heading\"><strong>Rosa Isela S\u00e1nchez llama a la resoluci\u00f3n pac\u00edfica en la BUAP<\/strong><\/h2>\n\n\n\n<p><strong>Rosa Isela S\u00e1nchez Soya<\/strong>, presidenta de la\u00a0<strong>CDH Puebla<\/strong>, exhort\u00f3 a los\u00a0<strong>alumnos organizados<\/strong>\u00a0en\u00a0<strong>paro estudiantil<\/strong>\u00a0a privilegiar el di\u00e1logo y evitar cualquier forma de confrontaci\u00f3n.<br>\u00abComo madre de dos j\u00f3venes de 22 y 23 a\u00f1os entiendo sus preocupaciones, pero despu\u00e9s de casi cuatro semanas de paro su bienestar f\u00edsico y emocional es preocupante. Por ello, los invito a un di\u00e1logo abierto y respetuoso\u00bb, subray\u00f3.<br><br><strong>Las clases continuar\u00e1n en l\u00ednea, a pesar del paro en la BUAP<\/strong><\/p>\n\n\n\n<p>El vicerrector de Docencia de la\u00a0<strong>BUAP<\/strong>,\u00a0<strong>Jaime V\u00e1zquez L\u00f3pez<\/strong>, inform\u00f3 que a pesar de la entrega del<strong>\u00a0pliego petitorio\u00a0<\/strong>por parte de los representantes del<strong>\u00a0paro estudiantil<\/strong>\u00a0las clases seguir\u00e1n imparti\u00e9ndose en forma virtual hasta que se logre un acuerdo.<br>Adelant\u00f3 que la\u00a0<strong>Comisi\u00f3n Institucional de Di\u00e1logo<\/strong>\u00a0buscar\u00e1 establecer contacto con los alumnos de la\u00a0<strong>Alianza Centro<\/strong>, luego de que la asamblea realizada el d\u00eda de ayer se cancel\u00f3.\u00a0<\/p>\n","protected":false},"excerpt":{"rendered":"<p>Alumnos organizados en\u00a0paro estudiantil\u00a0de Ciudad Universitaria (CU) de la Benem\u00e9rita Universidad Aut\u00f3noma de Puebla (BUAP) entregaron esta tarde su\u00a0pliego petitorio general a la\u00a0rectora Lilia Cedillo Ram\u00edrez, tras un mes de comenzar el conflicto estudiantil. La entrega del documento se llev\u00f3 a cabo en las inmediaciones de la\u00a0Puerta 3\u00a0del campus universitario, en presencia de la presidenta [&hellip;]<\/p>\n","protected":false},"author":4,"featured_media":59991,"comment_status":"open","ping_status":"open","sticky":false,"template":"","format":"standard","meta":{"om_disable_all_campaigns":false,"_monsterinsights_skip_tracking":false,"_monsterinsights_sitenote_active":false,"_monsterinsights_sitenote_note":"","_monsterinsights_sitenote_category":0,"footnotes":""},"categories":[175],"tags":[186,195,223],"class_list":["post-59990","post","type-post","status-publish","format-standard","has-post-thumbnail","hentry","category-local","tag-buap","tag-principal","tag-puebla"],"amp_enabled":true,"_links":{"self":[{"href":"https:\/\/lahora.mx\/index.php\/wp-json\/wp\/v2\/posts\/59990","targetHints":{"allow":["GET"]}}],"collection":[{"href":"https:\/\/lahora.mx\/index.php\/wp-json\/wp\/v2\/posts"}],"about":[{"href":"https:\/\/lahora.mx\/index.php\/wp-json\/wp\/v2\/types\/post"}],"author":[{"embeddable":true,"href":"https:\/\/lahora.mx\/index.php\/wp-json\/wp\/v2\/users\/4"}],"replies":[{"embeddable":true,"href":"https:\/\/lahora.mx\/index.php\/wp-json\/wp\/v2\/comments?post=59990"}],"version-history":[{"count":1,"href":"https:\/\/lahora.mx\/index.php\/wp-json\/wp\/v2\/posts\/59990\/revisions"}],"predecessor-version":[{"id":59992,"href":"https:\/\/lahora.mx\/index.php\/wp-json\/wp\/v2\/posts\/59990\/revisions\/59992"}],"wp:featuredmedia":[{"embeddable":true,"href":"https:\/\/lahora.mx\/index.php\/wp-json\/wp\/v2\/media\/59991"}],"wp:attachment":[{"href":"https:\/\/lahora.mx\/index.php\/wp-json\/wp\/v2\/media?parent=59990"}],"wp:term":[{"taxonomy":"category","embeddable":true,"href":"https:\/\/lahora.mx\/index.php\/wp-json\/wp\/v2\/categories?post=59990"},{"taxonomy":"post_tag","embeddable":true,"href":"https:\/\/lahora.mx\/index.php\/wp-json\/wp\/v2\/tags?post=59990"}],"curies":[{"name":"wp","href":"https:\/\/api.w.org\/{rel}","templated":true}]}}