{"id":59987,"date":"2025-03-19T19:16:16","date_gmt":"2025-03-19T19:16:16","guid":{"rendered":"https:\/\/lahora.mx\/?p=59987"},"modified":"2025-03-19T19:16:17","modified_gmt":"2025-03-19T19:16:17","slug":"puebla-sera-centro-de-atencion-palenque-2025-generara-importante-derrama-economica","status":"publish","type":"post","link":"https:\/\/lahora.mx\/index.php\/2025\/03\/19\/puebla-sera-centro-de-atencion-palenque-2025-generara-importante-derrama-economica\/","title":{"rendered":"Puebla ser\u00e1 centro de atenci\u00f3n; Palenque 2025 generar\u00e1 importante derrama econ\u00f3mica"},"content":{"rendered":"\n<p>Durante la presentaci\u00f3n del Cartel Oficial del Palenque de la Feria de Puebla 2025, el gobernador Alejandro Armenta expres\u00f3 que el evento es el inicio de la recuperaci\u00f3n estelar de Puebla en el \u00e1mbito art\u00edstico, cultural, deportivo e hist\u00f3rico, que ubicar\u00e1 al estado en el centro de atenci\u00f3n nacional e internacional, siempre bajo el esquema de la promoci\u00f3n al turismo, del Gobierno Federal de la presidenta Claudia Sheinbaum.<\/p>\n\n\n\n<p>El titular del ejecutivo estatal refiri\u00f3 que dichas actividades son fundamentales para promover la derrama econ\u00f3mica en la entidad. \u00abLo que vamos invertir todo este a\u00f1o para las actividades culturales y art\u00edsticas no es pan y circo, es para poner a Puebla en el centro de atenci\u00f3n, para pasar de 1.3 a 2 noches de hospedajes, lo que representa una importante derrama econ\u00f3mica de quien se queda en un hotel\u00bb, enfatiz\u00f3 Alejandro Armenta.<\/p>\n\n\n\n<p>El mandatario poblano dijo que la poblaci\u00f3n tiene derecho a disfrutar, ser feliz, a so\u00f1ar y enamorarse con la m\u00fasica, porque es parte del Amor a Puebla, y el programa del Palenque 2025 obedece al \u00e1nimo de la poblaci\u00f3n.<\/p>\n\n\n\n<p>\u00abQue se hable bien de Puebla para lograr derrama econ\u00f3mica, para que toda la cadena de producci\u00f3n se beneficie. Se tienen que enterar en Canc\u00fan, Nueva York, Chicago, Los \u00c1ngeles, se tienen que enterar en todo el pa\u00eds de lo que va a suceder en Puebla, porque estar\u00e1 de moda\u00bb, asever\u00f3 Alejandro Armenta.<\/p>\n\n\n\n<p>En su oportunidad, la directora de Convenciones y Parques, Michelle Talavera se\u00f1al\u00f3 que el gobierno pondr\u00e1 especial atenci\u00f3n en el tema de seguridad, todo en colaboraci\u00f3n con la empresa MV Entertainment, porque tanto para ellos y nosotros como gobierno es esencial que se lleven una gran experiencia\u00bb, puntualiz\u00f3.<\/p>\n\n\n\n<p>El cartel del Palenque de la Feria de Puebla 2025 es el siguiente: el 25 abril se presentar\u00e1 Juli\u00f3n \u00c1lvarez; s\u00e1bado 26 de abril, Yuri; domingo 27 de abril, Banda MS; el mi\u00e9rcoles 30 abril, Gabito Ballesteros y Neto Vega.<\/p>\n\n\n\n<p>En tanto, el viernes 2 de mayo estar\u00e1 Christian Nodal; s\u00e1bado 3 de mayo, Eden Mu\u00f1oz; domingo 4 de mayo, Jorge Medina y Josi Cuen; el mi\u00e9rcoles 7 de mayo, Matute; viernes 9 de mayo, Carin Le\u00f3n; el s\u00e1bado 10 de mayo, Lucero y Mijares y el domingo 11 de mayo, Gerardo Ortiz.<\/p>\n\n\n\n<p>Durante la presentaci\u00f3n tambi\u00e9n asistieron el coordinador de gabinete, Jos\u00e9 Luis Garc\u00eda Parra; el subsecretario de Desarrollo Tur\u00edstico; Carlos M\u00e1rquez P\u00e9rez; la directora de SICOM, Natalie Hoyos; el director de la empresa M.V, Entertainment, Jaime M\u00e9ndez Vega y el director operativo de la empresa, Diego M\u00e9ndez Castel\u00e1n.<\/p>\n","protected":false},"excerpt":{"rendered":"<p>Durante la presentaci\u00f3n del Cartel Oficial del Palenque de la Feria de Puebla 2025, el gobernador Alejandro Armenta expres\u00f3 que el evento es el inicio de la recuperaci\u00f3n estelar de Puebla en el \u00e1mbito art\u00edstico, cultural, deportivo e hist\u00f3rico, que ubicar\u00e1 al estado en el centro de atenci\u00f3n nacional e internacional, siempre bajo el esquema [&hellip;]<\/p>\n","protected":false},"author":4,"featured_media":59988,"comment_status":"open","ping_status":"open","sticky":false,"template":"","format":"standard","meta":{"om_disable_all_campaigns":false,"_monsterinsights_skip_tracking":false,"_monsterinsights_sitenote_active":false,"_monsterinsights_sitenote_note":"","_monsterinsights_sitenote_category":0,"footnotes":""},"categories":[175],"tags":[239,195,223],"class_list":["post-59987","post","type-post","status-publish","format-standard","has-post-thumbnail","hentry","category-local","tag-gobierno","tag-principal","tag-puebla"],"amp_enabled":true,"_links":{"self":[{"href":"https:\/\/lahora.mx\/index.php\/wp-json\/wp\/v2\/posts\/59987","targetHints":{"allow":["GET"]}}],"collection":[{"href":"https:\/\/lahora.mx\/index.php\/wp-json\/wp\/v2\/posts"}],"about":[{"href":"https:\/\/lahora.mx\/index.php\/wp-json\/wp\/v2\/types\/post"}],"author":[{"embeddable":true,"href":"https:\/\/lahora.mx\/index.php\/wp-json\/wp\/v2\/users\/4"}],"replies":[{"embeddable":true,"href":"https:\/\/lahora.mx\/index.php\/wp-json\/wp\/v2\/comments?post=59987"}],"version-history":[{"count":1,"href":"https:\/\/lahora.mx\/index.php\/wp-json\/wp\/v2\/posts\/59987\/revisions"}],"predecessor-version":[{"id":59989,"href":"https:\/\/lahora.mx\/index.php\/wp-json\/wp\/v2\/posts\/59987\/revisions\/59989"}],"wp:featuredmedia":[{"embeddable":true,"href":"https:\/\/lahora.mx\/index.php\/wp-json\/wp\/v2\/media\/59988"}],"wp:attachment":[{"href":"https:\/\/lahora.mx\/index.php\/wp-json\/wp\/v2\/media?parent=59987"}],"wp:term":[{"taxonomy":"category","embeddable":true,"href":"https:\/\/lahora.mx\/index.php\/wp-json\/wp\/v2\/categories?post=59987"},{"taxonomy":"post_tag","embeddable":true,"href":"https:\/\/lahora.mx\/index.php\/wp-json\/wp\/v2\/tags?post=59987"}],"curies":[{"name":"wp","href":"https:\/\/api.w.org\/{rel}","templated":true}]}}