{"id":59980,"date":"2025-03-19T16:23:13","date_gmt":"2025-03-19T16:23:13","guid":{"rendered":"https:\/\/lahora.mx\/?p=59980"},"modified":"2025-03-19T16:25:02","modified_gmt":"2025-03-19T16:25:02","slug":"los-uruvieles-se-quedaran-en-la-carcel-los-vinculan-a-proceso","status":"publish","type":"post","link":"https:\/\/lahora.mx\/index.php\/2025\/03\/19\/los-uruvieles-se-quedaran-en-la-carcel-los-vinculan-a-proceso\/","title":{"rendered":"Los Uruvieles se quedar\u00e1n en la c\u00e1rcel: los vinculan a proceso"},"content":{"rendered":"\n<p><strong>Los hermanos caciques de Serd\u00e1n, Giovanni y Uruviel<\/strong>, fueron\u00a0<strong>vinculados a proceso<\/strong>\u00a0por los delitos de encubrimiento de mercanc\u00edas robada. y posesi\u00f3n ilegal de armas, respectivamente, lo que los deja en\u00a0<strong>prisi\u00f3n preventiva justificada<\/strong>\u00a0durante todo el plazo de la investigaci\u00f3n complementaria.<\/p>\n\n\n\n<p>Durante la&nbsp;<strong>segunda audiencia virtual de Giovanni y Uruviel<\/strong>, celebrada el pasado fin de semana, un juez de control&nbsp;<strong>los vincul\u00f3 a proceso<\/strong>; por lo que tendr\u00e1n una&nbsp;<strong>temporalidad de m\u00e1ximo dos a\u00f1os de medida cautelar<\/strong>, mientras la defensa de ambos presenta pruebas de inocencia.<\/p>\n\n\n\n<p>Por su parte, la Fiscal\u00eda de Puebla deber\u00e1&nbsp;<strong>presentar sus pruebas en una audiencia intermedia<\/strong>&nbsp;que determine la situaci\u00f3n jur\u00eddica de ambos, dicho proceso se llevar\u00e1 a cabo&nbsp;<strong>tras concluir el plazo de la investigaci\u00f3n complementaria.<\/strong><\/p>\n\n\n\n<p>Con respecto a la gobernabilidad de sus municipios,\u00a0Giovanni y Uruviel enviaron solicitudes para pedir licencia <strong>por 30 d\u00edas a sus cargos como ediles de Tlachichuca\u00a0 y\u00a0 Chalchicomula de Sesma mientras se determina\u00a0 su\u00a0 situaci\u00f3n jur\u00eddica.<\/strong><\/p>\n\n\n\n<p>Mientras que en el municipio de\u00a0<strong>San Nicol\u00e1s Buenos Aires, Armando S\u00e1nchez<\/strong>, suplente de Ramiro, ya tom\u00f3 protesta ante el Cabildo con edil sustituto ante la ausencia temporal del edil pr\u00f3fugo,\u00a0<strong>el mayor de los Gonz\u00e1lez Vieyra<\/strong>.<\/p>\n\n\n\n<p><strong>Ramiro Gonz\u00e1lez logr\u00f3 escapar de la polic\u00eda con ayuda de pobladores quienes impidieron que los agentes ministeriales lo capturaran<\/strong>, caso contrario a sus hermanos quienes s\u00ed fueron detenidos el pasado 7 de marzo.<\/p>\n","protected":false},"excerpt":{"rendered":"<p>Los hermanos caciques de Serd\u00e1n, Giovanni y Uruviel, fueron\u00a0vinculados a proceso\u00a0por los delitos de encubrimiento de mercanc\u00edas robada. y posesi\u00f3n ilegal de armas, respectivamente, lo que los deja en\u00a0prisi\u00f3n preventiva justificada\u00a0durante todo el plazo de la investigaci\u00f3n complementaria. Durante la&nbsp;segunda audiencia virtual de Giovanni y Uruviel, celebrada el pasado fin de semana, un juez de [&hellip;]<\/p>\n","protected":false},"author":4,"featured_media":59981,"comment_status":"open","ping_status":"open","sticky":false,"template":"","format":"standard","meta":{"om_disable_all_campaigns":false,"_monsterinsights_skip_tracking":false,"_monsterinsights_sitenote_active":false,"_monsterinsights_sitenote_note":"","_monsterinsights_sitenote_category":0,"footnotes":""},"categories":[175],"tags":[],"class_list":["post-59980","post","type-post","status-publish","format-standard","has-post-thumbnail","hentry","category-local"],"amp_enabled":true,"_links":{"self":[{"href":"https:\/\/lahora.mx\/index.php\/wp-json\/wp\/v2\/posts\/59980","targetHints":{"allow":["GET"]}}],"collection":[{"href":"https:\/\/lahora.mx\/index.php\/wp-json\/wp\/v2\/posts"}],"about":[{"href":"https:\/\/lahora.mx\/index.php\/wp-json\/wp\/v2\/types\/post"}],"author":[{"embeddable":true,"href":"https:\/\/lahora.mx\/index.php\/wp-json\/wp\/v2\/users\/4"}],"replies":[{"embeddable":true,"href":"https:\/\/lahora.mx\/index.php\/wp-json\/wp\/v2\/comments?post=59980"}],"version-history":[{"count":1,"href":"https:\/\/lahora.mx\/index.php\/wp-json\/wp\/v2\/posts\/59980\/revisions"}],"predecessor-version":[{"id":59982,"href":"https:\/\/lahora.mx\/index.php\/wp-json\/wp\/v2\/posts\/59980\/revisions\/59982"}],"wp:featuredmedia":[{"embeddable":true,"href":"https:\/\/lahora.mx\/index.php\/wp-json\/wp\/v2\/media\/59981"}],"wp:attachment":[{"href":"https:\/\/lahora.mx\/index.php\/wp-json\/wp\/v2\/media?parent=59980"}],"wp:term":[{"taxonomy":"category","embeddable":true,"href":"https:\/\/lahora.mx\/index.php\/wp-json\/wp\/v2\/categories?post=59980"},{"taxonomy":"post_tag","embeddable":true,"href":"https:\/\/lahora.mx\/index.php\/wp-json\/wp\/v2\/tags?post=59980"}],"curies":[{"name":"wp","href":"https:\/\/api.w.org\/{rel}","templated":true}]}}