{"id":59975,"date":"2025-03-19T16:09:34","date_gmt":"2025-03-19T16:09:34","guid":{"rendered":"https:\/\/lahora.mx\/?p=59975"},"modified":"2025-03-19T16:11:43","modified_gmt":"2025-03-19T16:11:43","slug":"felix-pallares-rinde-protesta-como-titular-de-ssc-el-gobernador-armenta-ofrece-respaldo","status":"publish","type":"post","link":"https:\/\/lahora.mx\/index.php\/2025\/03\/19\/felix-pallares-rinde-protesta-como-titular-de-ssc-el-gobernador-armenta-ofrece-respaldo\/","title":{"rendered":"F\u00e9lix Pallares nuevo titular de SSC; gobernador Armenta ofrece respaldo"},"content":{"rendered":"\n<p>El coronel\u00a0F\u00e9lix Pallares Miranda rindi\u00f3 protesta como\u00a0<strong>secretario de Seguridad Ciudadana<\/strong>\u00a0de la capital poblana ante el gobernador\u00a0<strong>Alejandro Armenta<\/strong>\u00a0y el alcalde\u00a0<strong>Jos\u00e9 Chedraui.<\/strong><\/p>\n\n\n\n<p>El gobernador&nbsp;<strong>Alejandro Armenta<\/strong>&nbsp;asegur\u00f3 que su presencia en el&nbsp;<strong>Cabildo poblano<\/strong>&nbsp;se debe a la muestra de&nbsp;<strong>coordinaci\u00f3n<\/strong>&nbsp;que hay entre su administraci\u00f3n y el gobierno municipal de Puebla.<\/p>\n\n\n\n<p>A su vez, el alcalde\u00a0<strong>Jos\u00e9 Chedraui Budib<\/strong>\u00a0explic\u00f3 que el\u00a0<strong>nombramiento<\/strong>\u00a0del nuevo titular de la SSC\u00a0ayudar\u00e1 para\u00a0<strong>reforzar la seguridad<\/strong>\u00a0entre los tres niveles de gobierno.<br><br>El\u00a0<strong>nombramiento<\/strong>\u00a0se realiz\u00f3 ya que los\u00a0<strong>regidores<\/strong>\u00a0que integran el\u00a0<strong>Cabildo<\/strong>\u00a0aprobaron por\u00a0<strong>unanimidad<\/strong>\u00a0la designaci\u00f3n del\u00a0<strong>coronel F\u00e9lix Pallares Miranda<\/strong>, lo cual tampoco se discuti\u00f3.<\/p>\n\n\n\n<p>La aprobaci\u00f3n del coronel F\u00e9lix Pallares\u00a0se dio por unanimidad:\u00a0<strong>25 votos a favor<\/strong>, cero en contra y cero abstenciones.<\/p>\n\n\n\n<p>Por ello,&nbsp;<strong>F\u00e9lix Pallares Miranda<\/strong>&nbsp;rindi\u00f3 protesta sin objeci\u00f3n y comenzar\u00e1 a trabajar a partir de este&nbsp;<strong>19 de marzo<\/strong>&nbsp;del presente a\u00f1o.<\/p>\n\n\n\n<p><strong>Alejandro Armenta afirma que la seguridad es un tema prioritario<\/strong><br><br>Despu\u00e9s de la&nbsp;<strong>toma de protesta<\/strong>, el gobernador&nbsp;<strong>Alejandro Armenta<\/strong>&nbsp;dijo que la presencia de integrantes de su gobierno en el&nbsp;<strong>Palacio Municipal<\/strong>&nbsp;se debe al&nbsp;<strong>respaldo<\/strong>&nbsp;que le ofrece a la administraci\u00f3n de&nbsp;<strong>Jos\u00e9 Chedraui Budib<\/strong>.<\/p>\n\n\n\n<p>Mencion\u00f3 que esto es importante, pues la&nbsp;<strong>seguridad es un tema prioritario<\/strong>&nbsp;de los tres niveles de gobierno, por lo que se&nbsp;<strong>vigilar\u00e1n las tareas<\/strong>&nbsp;que emprenda esta administraci\u00f3n municipal.<\/p>\n\n\n\n<p>\u201cNuestra presencia tiene como prop\u00f3sito&nbsp;<strong>transmitirles el respaldo absoluto<\/strong>&nbsp;por parte del&nbsp;<strong>gobierno del estado<\/strong>, hoy le he pedido al se\u00f1or secretario de Seguridad P\u00fablica,&nbsp;<strong>Francisco S\u00e1nchez<\/strong>&nbsp;que est\u00e9 presente, que me acompa\u00f1e como una muestra de&nbsp;<strong>acompa\u00f1amiento<\/strong>&nbsp;pleno a las tareas que realizar\u00e1 la Secretar\u00eda Seguridad, as\u00ed como los diferentes integrantes del&nbsp;<strong>gobierno<\/strong>\u201d, dijo.<\/p>\n\n\n\n<p>Antes de la toma de protesta, el alcalde\u00a0<strong>Jos\u00e9 Chedraui Budib<\/strong>agradeci\u00f3 el\u00a0<strong>respaldo del gobernador<\/strong>\u00a0y se\u00f1al\u00f3 que habr\u00e1 un\u00a0<strong>reforzamiento en la seguridad<\/strong>\u00a0y su gobierno trabajar\u00e1 en conjunto con la\u00a0<strong>Marina<\/strong>, la\u00a0<strong>Secretar\u00eda de Defensa<\/strong>\u00a0y el\u00a0<strong>Gobierno Federal y estatal<\/strong>.<br><br>Asimismo, asegur\u00f3 que&nbsp;<strong>nadie<\/strong>&nbsp;de estos niveles&nbsp;<strong>le impuso a F\u00e9lix Pallares Miranda<\/strong>&nbsp;como el&nbsp;<strong>secretario de Seguridad Ciudadana<\/strong>, pues conf\u00eda en su trabajo.<\/p>\n\n\n\n<p>\u201cNos estamos&nbsp;<strong>coordinando<\/strong>&nbsp;con el gobernador&nbsp;<strong>Alejandro Armenta<\/strong>, con&nbsp;<strong>Sedena<\/strong>&nbsp;con&nbsp;<strong>Marina<\/strong>&nbsp;con Guardia Nacional, con las fiscal\u00edas, vamos a continuar en esta coordinaci\u00f3n. Es parte importante de tener el&nbsp;<strong>respaldo<\/strong>&nbsp;y yo le agradezco la generosidad de venir a este Cabildo\u201d, finaliz\u00f3 el alcalde capitalino. (<\/p>\n","protected":false},"excerpt":{"rendered":"<p>El coronel\u00a0F\u00e9lix Pallares Miranda rindi\u00f3 protesta como\u00a0secretario de Seguridad Ciudadana\u00a0de la capital poblana ante el gobernador\u00a0Alejandro Armenta\u00a0y el alcalde\u00a0Jos\u00e9 Chedraui. El gobernador&nbsp;Alejandro Armenta&nbsp;asegur\u00f3 que su presencia en el&nbsp;Cabildo poblano&nbsp;se debe a la muestra de&nbsp;coordinaci\u00f3n&nbsp;que hay entre su administraci\u00f3n y el gobierno municipal de Puebla. A su vez, el alcalde\u00a0Jos\u00e9 Chedraui Budib\u00a0explic\u00f3 que el\u00a0nombramiento\u00a0del nuevo titular [&hellip;]<\/p>\n","protected":false},"author":4,"featured_media":59976,"comment_status":"open","ping_status":"open","sticky":false,"template":"","format":"standard","meta":{"om_disable_all_campaigns":false,"_monsterinsights_skip_tracking":false,"_monsterinsights_sitenote_active":false,"_monsterinsights_sitenote_note":"","_monsterinsights_sitenote_category":0,"footnotes":""},"categories":[175,176],"tags":[239,195,223],"class_list":["post-59975","post","type-post","status-publish","format-standard","has-post-thumbnail","hentry","category-local","category-nacional","tag-gobierno","tag-principal","tag-puebla"],"amp_enabled":true,"_links":{"self":[{"href":"https:\/\/lahora.mx\/index.php\/wp-json\/wp\/v2\/posts\/59975","targetHints":{"allow":["GET"]}}],"collection":[{"href":"https:\/\/lahora.mx\/index.php\/wp-json\/wp\/v2\/posts"}],"about":[{"href":"https:\/\/lahora.mx\/index.php\/wp-json\/wp\/v2\/types\/post"}],"author":[{"embeddable":true,"href":"https:\/\/lahora.mx\/index.php\/wp-json\/wp\/v2\/users\/4"}],"replies":[{"embeddable":true,"href":"https:\/\/lahora.mx\/index.php\/wp-json\/wp\/v2\/comments?post=59975"}],"version-history":[{"count":3,"href":"https:\/\/lahora.mx\/index.php\/wp-json\/wp\/v2\/posts\/59975\/revisions"}],"predecessor-version":[{"id":59979,"href":"https:\/\/lahora.mx\/index.php\/wp-json\/wp\/v2\/posts\/59975\/revisions\/59979"}],"wp:featuredmedia":[{"embeddable":true,"href":"https:\/\/lahora.mx\/index.php\/wp-json\/wp\/v2\/media\/59976"}],"wp:attachment":[{"href":"https:\/\/lahora.mx\/index.php\/wp-json\/wp\/v2\/media?parent=59975"}],"wp:term":[{"taxonomy":"category","embeddable":true,"href":"https:\/\/lahora.mx\/index.php\/wp-json\/wp\/v2\/categories?post=59975"},{"taxonomy":"post_tag","embeddable":true,"href":"https:\/\/lahora.mx\/index.php\/wp-json\/wp\/v2\/tags?post=59975"}],"curies":[{"name":"wp","href":"https:\/\/api.w.org\/{rel}","templated":true}]}}