{"id":59972,"date":"2025-03-19T15:53:01","date_gmt":"2025-03-19T15:53:01","guid":{"rendered":"https:\/\/lahora.mx\/?p=59972"},"modified":"2025-03-19T15:53:02","modified_gmt":"2025-03-19T15:53:02","slug":"carrera-de-burros-y-mas-de-2-mil-litros-de-pulque-en-santa-ana-teloxtoc","status":"publish","type":"post","link":"https:\/\/lahora.mx\/index.php\/2025\/03\/19\/carrera-de-burros-y-mas-de-2-mil-litros-de-pulque-en-santa-ana-teloxtoc\/","title":{"rendered":"Carrera de burros y m\u00e1s de 2 mil litros de pulque en Santa Ana Teloxtoc"},"content":{"rendered":"\n<p>El pr\u00f3ximo\u00a0<strong>domingo 23 de marzo,<\/strong>\u00a0<strong>Santa Ana Teloxtoc,<\/strong> junta auxiliar de Tehuac\u00e1n, ser\u00e1 sede del<strong>\u00a0octavo Festival de Pulque<\/strong><strong>,\u00a0<\/strong>donde se espera la\u00a0<strong>venta de m\u00e1s de 2 mil litros<\/strong>\u00a0del conocido<strong>\u00a0\u201celixir de los dioses\u201d. E<\/strong>n el evento participar\u00e1n cerca de\u00a0<strong>25 maestros tlachiqueros\u00a0<\/strong>provenientes de distintas localidades.<\/p>\n\n\n\n<p>Adem\u00e1s de la\u00a0<strong>degustaci\u00f3n de pulque y agua miel,<\/strong>\u00a0los asistentes podr\u00e1n disfrutar de un\u00a0<strong>torneo de juegos tradicionales,<\/strong>\u00a0como el\u00a0<strong>trompo y la rayuela<\/strong>. Tambi\u00e9n habr\u00e1 una\u00a0carrera de burros, actividad que promete ser uno de los atractivos principales.<\/p>\n\n\n\n<p>Las comunidades<strong>&nbsp;participantes incluyen El Encinal, Agua El Dinuxo, Rancho El Moral, Tozingaya, Rancho Florindo, Agua Le\u00f3n, el Centro de Teloxtoc y La Cumbre<\/strong>, adem\u00e1s de&nbsp;<strong>San Felipe Maderas,<\/strong>&nbsp;del municipio de&nbsp;<strong>Nicol\u00e1s Bravo<\/strong>, cuyos productores han mostrado inter\u00e9s en sumarse al encuentro.<\/p>\n\n\n\n<p>Durante la jornada, los visitantes podr\u00e1n saborear platillos tradicionales como\u00a0<strong>cactus, palmitos y machichis,\u00a0<\/strong>mientras aprecian las artesan\u00edas locales elaboradas con\u00a0<strong>palma, \u00f3nix y m\u00e1rmol.<\/strong><br>Adem\u00e1s, se inaugurar\u00e1 una exposici\u00f3n de m\u00e1scaras que recordar\u00e1 el hallazgo de la<strong>&nbsp;cueva de Santa Ana Teloxtoc&nbsp;<\/strong>en marzo de 1986, donde se descubrieron piezas prehisp\u00e1nicas. Pobladores contin\u00faan exigiendo la devoluci\u00f3n de estos vestigios, actualmente resguardados por el<strong>&nbsp;Instituto Nacional de Antropolog\u00eda e Historia (INAH).<\/strong><\/p>\n\n\n\n<p>Los organizadores hicieron un llamado a los asistentes para evitar la&nbsp;<strong>generaci\u00f3n de basura.<\/strong>&nbsp;Se recomienda llevar&nbsp;<strong>recipientes reutilizables y evitar pl\u00e1sticos desechables.<\/strong><\/p>\n\n\n\n<p>El costo por<strong>&nbsp;litro de pulque<\/strong>&nbsp;o agua miel ser\u00e1 de&nbsp;<strong>35 pesos<\/strong>. Con este evento, Santa Ana Teloxtoc busca impulsar la econom\u00eda local y preservar sus tradiciones culturales.&nbsp;<\/p>\n","protected":false},"excerpt":{"rendered":"<p>El pr\u00f3ximo\u00a0domingo 23 de marzo,\u00a0Santa Ana Teloxtoc, junta auxiliar de Tehuac\u00e1n, ser\u00e1 sede del\u00a0octavo Festival de Pulque,\u00a0donde se espera la\u00a0venta de m\u00e1s de 2 mil litros\u00a0del conocido\u00a0\u201celixir de los dioses\u201d. En el evento participar\u00e1n cerca de\u00a025 maestros tlachiqueros\u00a0provenientes de distintas localidades. Adem\u00e1s de la\u00a0degustaci\u00f3n de pulque y agua miel,\u00a0los asistentes podr\u00e1n disfrutar de un\u00a0torneo de [&hellip;]<\/p>\n","protected":false},"author":4,"featured_media":59973,"comment_status":"open","ping_status":"open","sticky":false,"template":"","format":"standard","meta":{"om_disable_all_campaigns":false,"_monsterinsights_skip_tracking":false,"_monsterinsights_sitenote_active":false,"_monsterinsights_sitenote_note":"","_monsterinsights_sitenote_category":0,"footnotes":""},"categories":[3,175],"tags":[223],"class_list":["post-59972","post","type-post","status-publish","format-standard","has-post-thumbnail","hentry","category-entretenimiento","category-local","tag-puebla"],"amp_enabled":true,"_links":{"self":[{"href":"https:\/\/lahora.mx\/index.php\/wp-json\/wp\/v2\/posts\/59972","targetHints":{"allow":["GET"]}}],"collection":[{"href":"https:\/\/lahora.mx\/index.php\/wp-json\/wp\/v2\/posts"}],"about":[{"href":"https:\/\/lahora.mx\/index.php\/wp-json\/wp\/v2\/types\/post"}],"author":[{"embeddable":true,"href":"https:\/\/lahora.mx\/index.php\/wp-json\/wp\/v2\/users\/4"}],"replies":[{"embeddable":true,"href":"https:\/\/lahora.mx\/index.php\/wp-json\/wp\/v2\/comments?post=59972"}],"version-history":[{"count":1,"href":"https:\/\/lahora.mx\/index.php\/wp-json\/wp\/v2\/posts\/59972\/revisions"}],"predecessor-version":[{"id":59974,"href":"https:\/\/lahora.mx\/index.php\/wp-json\/wp\/v2\/posts\/59972\/revisions\/59974"}],"wp:featuredmedia":[{"embeddable":true,"href":"https:\/\/lahora.mx\/index.php\/wp-json\/wp\/v2\/media\/59973"}],"wp:attachment":[{"href":"https:\/\/lahora.mx\/index.php\/wp-json\/wp\/v2\/media?parent=59972"}],"wp:term":[{"taxonomy":"category","embeddable":true,"href":"https:\/\/lahora.mx\/index.php\/wp-json\/wp\/v2\/categories?post=59972"},{"taxonomy":"post_tag","embeddable":true,"href":"https:\/\/lahora.mx\/index.php\/wp-json\/wp\/v2\/tags?post=59972"}],"curies":[{"name":"wp","href":"https:\/\/api.w.org\/{rel}","templated":true}]}}