{"id":59952,"date":"2025-03-19T01:16:31","date_gmt":"2025-03-19T01:16:31","guid":{"rendered":"https:\/\/lahora.mx\/?p=59952"},"modified":"2025-03-19T01:16:31","modified_gmt":"2025-03-19T01:16:31","slug":"autorizaran-concesion-de-transporte-publico-a-la-administracion-de-lomas-de-angelopolis","status":"publish","type":"post","link":"https:\/\/lahora.mx\/index.php\/2025\/03\/19\/autorizaran-concesion-de-transporte-publico-a-la-administracion-de-lomas-de-angelopolis\/","title":{"rendered":"Autorizar\u00e1n concesi\u00f3n de transporte p\u00fablico a la administraci\u00f3n de Lomas de Angel\u00f3polis"},"content":{"rendered":"\n<p>La\u00a0<strong>Secretar\u00eda de Movilidad y Transporte<\/strong>\u00a0entregar\u00e1 permisos para que la administraci\u00f3n de Lomas de Angel\u00f3polis <strong>habilite y administre\u00a0<\/strong>su propio servicio de transporte p\u00fablico en la zona residencial, por\u00a0<strong>tratarse de una propiedad privada, anunci\u00f3 la titular de la dependencia, Silvia Tan\u00fas Osorio.<\/strong><\/p>\n\n\n\n<p>La responsable del transporte colectivo en la entidad explic\u00f3 que el&nbsp;<strong>Estado solo puede acercar el servicio de pasajeros a aquellos espacios catalogados como comunes,&nbsp;<\/strong>sin embargo, los propietarios de viviendas de esa zona tambi\u00e9n tienen derecho sobre las vialidades y es por ello que el gobierno no puede<strong>&nbsp;autorizar o licitar un servicio en \u00e1reas catalogadas<\/strong>&nbsp;como particulares.<\/p>\n\n\n\n<p><strong>\u201cLas \u00fanicos que podemos dar permiso es la secretar\u00eda, yo no quiero abrirlo porque las vialidades son propiedad de los vecinos, entonces, que los vecinos se pongan de acuerdo y con mucho gusto el Estado reconocer\u00e1&nbsp;&nbsp;el medio de transporte que ellos determinen y daremos el apoyo t\u00e9cnico, las sugerencias necesarias\u201d,&nbsp;<\/strong>explic\u00f3.<\/p>\n\n\n\n<p><\/p>\n\n\n\n<p>De esta forma se\u00f1al\u00f3 que<strong>&nbsp;Grupo Posada, que es el socio mayoritario del conjunto de&nbsp;&nbsp;resid\u00e9nciales, deber\u00e1, en coordinaci\u00f3n con la administraci\u00f3n general<\/strong>&nbsp;y la de cada cl\u00faster definir el tipo de servicio de transporte colectivo con el que desean contar. Para tal fin, adelant\u00f3 que los empresarios tendr\u00e1n una reuni\u00f3n el pr\u00f3ximo jueves y posteriormente tendr\u00e1n una mesa de trabajo con la autoridad.<\/p>\n\n\n\n<p>El pasado 14 de marzo la Secretar\u00eda puso en marcha un servicio de unidades de la&nbsp;<strong>Red Urbana de Transporte Articulado (RUTA) y tipo Van pertenecientes a Autobuses Oro<\/strong>&nbsp;para prestar servicio en la V\u00eda Atlixc\u00e1yotl y evitar el funcionamiento de veh\u00edculos que ofrecen servicio de taxi de forma irregular.<\/p>\n\n\n\n<p>La medida motiv\u00f3 que trabajadores del conjunto residencial<strong>\u00a0se\u00f1alaran que ante la imposibilidad de abordar un taxi pirata ahora deben caminar largas distancias hacia sus centros de trabajo en Lomas de Angelopolis<\/strong>, debido a que al interior de los residenciales no hay servicio colectivo.<br><br>En respuesta, la secretaria de Movilidad sostuvo que las alternativas son las rutas que ya habilit\u00f3 el Estado y aquellas que definan qui\u00e9nes viven en las zona residencial.&nbsp;<strong>\u201cLa gente que va a trabajar a la zona se les est\u00e1 llevando hasta las \u00e1reas que son comunes, por decir algo, los que van a la zona de Sonata se les deja sobre las laterales pero a la gente que trabaja dentro de un cl\u00faster, no nos podemos meter, definitivamente, a dejarla frent<\/strong>e al cl\u00faster\u201d, insisti\u00f3.<\/p>\n\n\n\n<p>Asimismo, se\u00f1al\u00f3 que en el caso de los taxis pirata que operan sobre Perif\u00e9rico Ecol\u00f3gico, la dependencia ya ha desplegado al menos 50 unidades para ofrecer servicio a los usuarios, mismas que resultan suficientes p<strong>ara atender la demanda y evitar que el pasaje aborde veh\u00edculos particulares.<\/strong><\/p>\n\n\n\n<p><strong>Finalmente, insisti\u00f3 en que continuar\u00e1n los operativos para retirar de circulaci\u00f3n a los denominados piratas, debido a que ponen en riesgo a los usuarios al llevar a m\u00e1s gente&nbsp;<\/strong>de la permitida y carecer de un seguro que permita a los pasajeros reclamar la reparaci\u00f3n de da\u00f1os en caso de alg\u00fan accidente.<\/p>\n","protected":false},"excerpt":{"rendered":"<p>La\u00a0Secretar\u00eda de Movilidad y Transporte\u00a0entregar\u00e1 permisos para que la administraci\u00f3n de Lomas de Angel\u00f3polis habilite y administre\u00a0su propio servicio de transporte p\u00fablico en la zona residencial, por\u00a0tratarse de una propiedad privada, anunci\u00f3 la titular de la dependencia, Silvia Tan\u00fas Osorio. La responsable del transporte colectivo en la entidad explic\u00f3 que el&nbsp;Estado solo puede acercar el [&hellip;]<\/p>\n","protected":false},"author":4,"featured_media":59953,"comment_status":"open","ping_status":"open","sticky":false,"template":"","format":"standard","meta":{"om_disable_all_campaigns":false,"_monsterinsights_skip_tracking":false,"_monsterinsights_sitenote_active":false,"_monsterinsights_sitenote_note":"","_monsterinsights_sitenote_category":0,"footnotes":""},"categories":[175],"tags":[195,223],"class_list":["post-59952","post","type-post","status-publish","format-standard","has-post-thumbnail","hentry","category-local","tag-principal","tag-puebla"],"amp_enabled":true,"_links":{"self":[{"href":"https:\/\/lahora.mx\/index.php\/wp-json\/wp\/v2\/posts\/59952","targetHints":{"allow":["GET"]}}],"collection":[{"href":"https:\/\/lahora.mx\/index.php\/wp-json\/wp\/v2\/posts"}],"about":[{"href":"https:\/\/lahora.mx\/index.php\/wp-json\/wp\/v2\/types\/post"}],"author":[{"embeddable":true,"href":"https:\/\/lahora.mx\/index.php\/wp-json\/wp\/v2\/users\/4"}],"replies":[{"embeddable":true,"href":"https:\/\/lahora.mx\/index.php\/wp-json\/wp\/v2\/comments?post=59952"}],"version-history":[{"count":1,"href":"https:\/\/lahora.mx\/index.php\/wp-json\/wp\/v2\/posts\/59952\/revisions"}],"predecessor-version":[{"id":59954,"href":"https:\/\/lahora.mx\/index.php\/wp-json\/wp\/v2\/posts\/59952\/revisions\/59954"}],"wp:featuredmedia":[{"embeddable":true,"href":"https:\/\/lahora.mx\/index.php\/wp-json\/wp\/v2\/media\/59953"}],"wp:attachment":[{"href":"https:\/\/lahora.mx\/index.php\/wp-json\/wp\/v2\/media?parent=59952"}],"wp:term":[{"taxonomy":"category","embeddable":true,"href":"https:\/\/lahora.mx\/index.php\/wp-json\/wp\/v2\/categories?post=59952"},{"taxonomy":"post_tag","embeddable":true,"href":"https:\/\/lahora.mx\/index.php\/wp-json\/wp\/v2\/tags?post=59952"}],"curies":[{"name":"wp","href":"https:\/\/api.w.org\/{rel}","templated":true}]}}