{"id":59948,"date":"2025-03-19T01:09:30","date_gmt":"2025-03-19T01:09:30","guid":{"rendered":"https:\/\/lahora.mx\/?p=59948"},"modified":"2025-03-19T01:09:30","modified_gmt":"2025-03-19T01:09:30","slug":"pepe-chedraui-se-compromete-para-tener-escuelas-sustentables","status":"publish","type":"post","link":"https:\/\/lahora.mx\/index.php\/2025\/03\/19\/pepe-chedraui-se-compromete-para-tener-escuelas-sustentables\/","title":{"rendered":"Pepe Chedraui se compromete para tener escuelas sustentables"},"content":{"rendered":"\n<p>El Gobierno de la Ciudad firm\u00f3 una carta compromiso con representantes de consejo escolares para garantizar el trabajo colaborativo<\/p>\n\n\n\n<p>La administraci\u00f3n municipal que encabeza el presidente, Pepe Chedraui Budib, trabaja para fortalecer la educaci\u00f3n ambiental en la comunidad escolar y sentar las bases para el cuidado del medio ambiente y del agua, por lo que encabez\u00f3 la firma de la carta compromiso \u201cEl Camino Hacia Escuelas Sustentables\u201d<\/p>\n\n\n\n<p>Con estas acciones, se establece un proceso de vinculaci\u00f3n que permitir\u00e1\u0301 la implementaci\u00f3n de acciones concretas en favor del medio ambiente, promoviendo el uso responsable del agua y la conservaci\u00f3n de las especies arb\u00f3reas en los espacios educativos.<\/p>\n\n\n\n<p>El presidente municipal, expres\u00f3 que este acuerdo marca el inicio de un esfuerzo coordinado para transformar estos espacios en verdaderos modelos de sustentabilidad. Afirm\u00f3 que el cuidado del medio ambiente es un deber que deben asumir todas y todos los involucrados en la educaci\u00f3n b\u00e1sica.<\/p>\n\n\n\n<p>\u201cEste compromiso es el punto de partida de una transici\u00f3n que traer\u00e1 consigo jornadas de sensibilizaci\u00f3n sobre el cuidado del agua, diversas actividades educativas y la implementaci\u00f3n de huertos escolares\u201d, agreg\u00f3.<\/p>\n\n\n\n<p>Por su parte, el titular de la Secretar\u00eda de Medio Ambiente, Iv\u00e1n Herrera, expres\u00f3 que, a trav\u00e9s de este esfuerzo colaborativo, se da un paso fundamental para transformar las escuelas en espacios sustentables.<\/p>\n\n\n\n<p>\u201cCada acci\u00f3n y cada peque\u00f1o esfuerzo sumado con otros m\u00e1s es un avanza hacia el futuro que todas y todos deseamos. El tema de rescate ambiental es el m\u00e1s importante a nivel mundial\u201d, agreg\u00f3.<\/p>\n\n\n\n<p>Algunos compromisos establecidos en la carta son:<\/p>\n\n\n\n<p>Las instituciones educativas y el Gobierno Municipal se comprometieron a:<br>\u2022 Implementar acciones para el uso eficiente y conservaci\u00f3n del agua en los planteles.<br>\u2022 Fomentar la reforestaci\u00f3n y el cuidado de especies arb\u00f3reas en las escuelas.<br>\u2022 Desarrollar programas de educaci\u00f3n ambiental dirigidos a estudiantes y docentes.<br>\u2022 Promover la gesti\u00f3n adecuada de residuos para reducir el impacto ambiental.<br>\u2022 . Impulsar la participaci\u00f3n activa de la comunidad escolar en iniciativas sustentables.<\/p>\n\n\n\n<p>La firma de esta carta compromiso marca el inicio de un trabajo integral, participativo y continuo, en el que la educaci\u00f3n ambiental jugar\u00e1 un papel clave para generar un cambio real en la comunidad y avanzar hacia una ciudad sustentable.<\/p>\n","protected":false},"excerpt":{"rendered":"<p>El Gobierno de la Ciudad firm\u00f3 una carta compromiso con representantes de consejo escolares para garantizar el trabajo colaborativo La administraci\u00f3n municipal que encabeza el presidente, Pepe Chedraui Budib, trabaja para fortalecer la educaci\u00f3n ambiental en la comunidad escolar y sentar las bases para el cuidado del medio ambiente y del agua, por lo que [&hellip;]<\/p>\n","protected":false},"author":4,"featured_media":59949,"comment_status":"open","ping_status":"open","sticky":false,"template":"","format":"standard","meta":{"om_disable_all_campaigns":false,"_monsterinsights_skip_tracking":false,"_monsterinsights_sitenote_active":false,"_monsterinsights_sitenote_note":"","_monsterinsights_sitenote_category":0,"footnotes":""},"categories":[175],"tags":[223],"class_list":["post-59948","post","type-post","status-publish","format-standard","has-post-thumbnail","hentry","category-local","tag-puebla"],"amp_enabled":true,"_links":{"self":[{"href":"https:\/\/lahora.mx\/index.php\/wp-json\/wp\/v2\/posts\/59948","targetHints":{"allow":["GET"]}}],"collection":[{"href":"https:\/\/lahora.mx\/index.php\/wp-json\/wp\/v2\/posts"}],"about":[{"href":"https:\/\/lahora.mx\/index.php\/wp-json\/wp\/v2\/types\/post"}],"author":[{"embeddable":true,"href":"https:\/\/lahora.mx\/index.php\/wp-json\/wp\/v2\/users\/4"}],"replies":[{"embeddable":true,"href":"https:\/\/lahora.mx\/index.php\/wp-json\/wp\/v2\/comments?post=59948"}],"version-history":[{"count":1,"href":"https:\/\/lahora.mx\/index.php\/wp-json\/wp\/v2\/posts\/59948\/revisions"}],"predecessor-version":[{"id":59950,"href":"https:\/\/lahora.mx\/index.php\/wp-json\/wp\/v2\/posts\/59948\/revisions\/59950"}],"wp:featuredmedia":[{"embeddable":true,"href":"https:\/\/lahora.mx\/index.php\/wp-json\/wp\/v2\/media\/59949"}],"wp:attachment":[{"href":"https:\/\/lahora.mx\/index.php\/wp-json\/wp\/v2\/media?parent=59948"}],"wp:term":[{"taxonomy":"category","embeddable":true,"href":"https:\/\/lahora.mx\/index.php\/wp-json\/wp\/v2\/categories?post=59948"},{"taxonomy":"post_tag","embeddable":true,"href":"https:\/\/lahora.mx\/index.php\/wp-json\/wp\/v2\/tags?post=59948"}],"curies":[{"name":"wp","href":"https:\/\/api.w.org\/{rel}","templated":true}]}}