{"id":59942,"date":"2025-03-19T00:41:46","date_gmt":"2025-03-19T00:41:46","guid":{"rendered":"https:\/\/lahora.mx\/?p=59942"},"modified":"2025-03-19T00:41:47","modified_gmt":"2025-03-19T00:41:47","slug":"estudiantes-en-paro-de-zona-centro-cancelan-asambleas-con-autoridades-buap","status":"publish","type":"post","link":"https:\/\/lahora.mx\/index.php\/2025\/03\/19\/estudiantes-en-paro-de-zona-centro-cancelan-asambleas-con-autoridades-buap\/","title":{"rendered":"Estudiantes en paro de zona centro cancelan asambleas con autoridades BUAP"},"content":{"rendered":"\n<p>La&nbsp;<strong>primera asamblea de di\u00e1logo<\/strong>&nbsp;entre los estudiantes organizados en paro que conforman la&nbsp;<strong>Alianza Centro<\/strong>\u2014Facultades de Psicolog\u00eda, Lenguas y Filosof\u00eda y Letras\u2014 y administrativos de la Benem\u00e9rita Universidad Aut\u00f3noma de Puebla (<strong>BUAP<\/strong>) pactada para hoy se suspendi\u00f3 por falta de condiciones.<\/p>\n\n\n\n<p>Dicha reuni\u00f3n se llevar\u00eda a cabo a las 10:00 horas en la&nbsp;<strong>Facultad de Lenguas<\/strong>, ubicada en la&nbsp;<strong>colonia Humboldt<\/strong>, comenz\u00f3 con una hora de retraso por a la ausencia de funcionarios universitarios y de la&nbsp;<strong>Comisi\u00f3n Institucional<\/strong>&nbsp;<strong>de Di\u00e1logo<\/strong>.<\/p>\n\n\n\n<p>Al iniciar de la asamblea los alumnos que organizaron el\u00a0paro estudiantil\u00a0solicitaron a la\u00a0<strong>Comisi\u00f3n Institucional de Di\u00e1logo<\/strong>firmar un documento en el que se comprometieran a\u00a0<strong>no tomar represalias<\/strong>\u00a0contra quienes participan en el movimiento.<br><br>Este documento ser\u00e1 entregado a la abogada general de la&nbsp;<strong>BUAP<\/strong>,&nbsp;<strong>Miriam Olga Ponce G\u00f3mez<\/strong>, con el fin de asegurar que ning\u00fan estudiante sufra consecuencias acad\u00e9micas o administrativas por su participaci\u00f3n en el paro.<\/p>\n\n\n\n<h2 class=\"wp-block-heading\"><strong>Sin respuesta de la rectora, alumnos cancelan el di\u00e1logo<\/strong><\/h2>\n\n\n\n<p>Tras la firma de la responsiva y el pase de lista, un vocero de la&nbsp;<strong>Facultad de Filosof\u00eda y Letras<\/strong>&nbsp;pidi\u00f3 a los asistentes evitar el trato individualizado de los alumnos de las facultades que integran la denominada&nbsp;<strong>Alianza Centro<\/strong>.<\/p>\n\n\n\n<p>Inform\u00f3 que en d\u00edas previos solicitaron a las autoridades el uso del\u00a0<strong>Edificio Carolino<\/strong>\u00a0para llevar a cabo la asamblea, pero\u00a0<strong>nunca recibieron respuesta<\/strong>.<br><br>Ante la falta de disposici\u00f3n y apertura al di\u00e1logo por parte de las autoridades, los&nbsp;<strong>estudiantes organizados cancelaron la asamblea<\/strong>&nbsp;de manera inmediata y solicitaron a los administrativos abandonar el recinto.<\/p>\n\n\n\n<p>Al respecto de las peticiones, las facultades que forman la Alianza Centro, Psicolog\u00eda, Lenguas y Filosof\u00eda y Letras, son&nbsp;<strong>las \u00fanicas que a\u00fan no entregan pliego petitorio<\/strong>.<\/p>\n\n\n\n<p>Con la cancelaci\u00f3n de esta asamblea el proceso de negociaci\u00f3n con la&nbsp;<strong>BUAP<\/strong>&nbsp;para terminar con el&nbsp;<strong>paro estudiantil<\/strong>&nbsp;se prolonga sin una fecha clara para su reanudaci\u00f3n.&nbsp;<\/p>\n","protected":false},"excerpt":{"rendered":"<p>La&nbsp;primera asamblea de di\u00e1logo&nbsp;entre los estudiantes organizados en paro que conforman la&nbsp;Alianza Centro\u2014Facultades de Psicolog\u00eda, Lenguas y Filosof\u00eda y Letras\u2014 y administrativos de la Benem\u00e9rita Universidad Aut\u00f3noma de Puebla (BUAP) pactada para hoy se suspendi\u00f3 por falta de condiciones. Dicha reuni\u00f3n se llevar\u00eda a cabo a las 10:00 horas en la&nbsp;Facultad de Lenguas, ubicada en [&hellip;]<\/p>\n","protected":false},"author":4,"featured_media":59943,"comment_status":"open","ping_status":"open","sticky":false,"template":"","format":"standard","meta":{"om_disable_all_campaigns":false,"_monsterinsights_skip_tracking":false,"_monsterinsights_sitenote_active":false,"_monsterinsights_sitenote_note":"","_monsterinsights_sitenote_category":0,"footnotes":""},"categories":[175],"tags":[186,223],"class_list":["post-59942","post","type-post","status-publish","format-standard","has-post-thumbnail","hentry","category-local","tag-buap","tag-puebla"],"amp_enabled":true,"_links":{"self":[{"href":"https:\/\/lahora.mx\/index.php\/wp-json\/wp\/v2\/posts\/59942","targetHints":{"allow":["GET"]}}],"collection":[{"href":"https:\/\/lahora.mx\/index.php\/wp-json\/wp\/v2\/posts"}],"about":[{"href":"https:\/\/lahora.mx\/index.php\/wp-json\/wp\/v2\/types\/post"}],"author":[{"embeddable":true,"href":"https:\/\/lahora.mx\/index.php\/wp-json\/wp\/v2\/users\/4"}],"replies":[{"embeddable":true,"href":"https:\/\/lahora.mx\/index.php\/wp-json\/wp\/v2\/comments?post=59942"}],"version-history":[{"count":1,"href":"https:\/\/lahora.mx\/index.php\/wp-json\/wp\/v2\/posts\/59942\/revisions"}],"predecessor-version":[{"id":59944,"href":"https:\/\/lahora.mx\/index.php\/wp-json\/wp\/v2\/posts\/59942\/revisions\/59944"}],"wp:featuredmedia":[{"embeddable":true,"href":"https:\/\/lahora.mx\/index.php\/wp-json\/wp\/v2\/media\/59943"}],"wp:attachment":[{"href":"https:\/\/lahora.mx\/index.php\/wp-json\/wp\/v2\/media?parent=59942"}],"wp:term":[{"taxonomy":"category","embeddable":true,"href":"https:\/\/lahora.mx\/index.php\/wp-json\/wp\/v2\/categories?post=59942"},{"taxonomy":"post_tag","embeddable":true,"href":"https:\/\/lahora.mx\/index.php\/wp-json\/wp\/v2\/tags?post=59942"}],"curies":[{"name":"wp","href":"https:\/\/api.w.org\/{rel}","templated":true}]}}