{"id":59933,"date":"2025-03-18T22:16:14","date_gmt":"2025-03-18T22:16:14","guid":{"rendered":"https:\/\/lahora.mx\/?p=59933"},"modified":"2025-03-18T22:16:15","modified_gmt":"2025-03-18T22:16:15","slug":"este-es-el-buque-militar-de-estados-unidos-que-acecha-costas-de-mexico","status":"publish","type":"post","link":"https:\/\/lahora.mx\/index.php\/2025\/03\/18\/este-es-el-buque-militar-de-estados-unidos-que-acecha-costas-de-mexico\/","title":{"rendered":"Este es el buque militar de Estados Unidos que acecha costas de M\u00e9xico"},"content":{"rendered":"\n<p><strong>Estados Unidos<\/strong>\u00a0despleg\u00f3 el\u00a0<strong>buque USS Gravely<\/strong>\u00a0hacia el\u00a0Golfo de M\u00e9xico para operaciones de seguridad fronteriza contra\u00a0<strong>migraci\u00f3n indocumentada<\/strong>, anunci\u00f3 el teniente\u00a0<strong>Alexus G. Grynkewich<\/strong>, director de operaciones del Estado Mayor Conjunto del Pent\u00e1gono.<\/p>\n\n\n\n<p><strong>Sean Parnell<\/strong>, portavoz del Departamento de Defensa, inform\u00f3 que el\u00a0buque militar<strong>\u00a0USS Gravely<\/strong>\u00a0parti\u00f3 el pasado 15 de marzo desde la estaci\u00f3n naval de<strong>\u00a0Yorktown<\/strong>,\u00a0<strong>Virginia<\/strong>, hacia el\u00a0<strong>Golfo de M\u00e9xico<\/strong>.<\/p>\n\n\n\n<p>\u201cNo solo es vital controlar nuestra frontera terrestre. Es importante controlar nuestras\u00a0<strong>aguas territoriales<\/strong>, y este despliegue apoya directamente la misi\u00f3n de\u00a0<strong>proteger\u00a0nuestra soberan\u00eda<\/strong>\u201d coment\u00f3 ayer\u00a0<strong>Parnell<\/strong>\u00a0tras sus expectativas de que este apoyo llegue a todo Estados Unidos.<br><strong>Alexus Grynkewich<\/strong>&nbsp;asegur\u00f3 que el&nbsp;<strong>buque&nbsp;<\/strong><strong>destructor<\/strong>&nbsp;es apto para participar en contribuciones de las iniciativas contra los<strong>flujos migratorios<\/strong>&nbsp;establecidos por&nbsp;<strong>Donald Trump<\/strong>, presidente de Estados Unidos.<\/p>\n\n\n\n<p>Indic\u00f3 que el nav\u00edo que lleg\u00f3 ayer a \u00e1reas pr\u00f3ximas al pa\u00eds apoyar\u00e1 en misiones contra el\u00a0narcotr\u00e1fico y trabajar\u00e1 en conjunto con la\u00a0<strong>Guardia Costera.<\/strong><\/p>\n\n\n\n<h2 class=\"wp-block-heading\"><strong>Posicionamientos del Gobierno de M\u00e9xico<\/strong><\/h2>\n\n\n\n<p>La presidenta de la Rep\u00fablica Mexicana,\u00a0<strong>Claudia Sheinbaum Pardo<\/strong>, afirm\u00f3 en la Ma\u00f1anera del Pueblo de hoy que el gabinete ya estaba enterado de la llegada del\u00a0<strong>USS Gravely<\/strong>.<br><br>Explic\u00f3 que el&nbsp;<strong>buque<\/strong>&nbsp;<strong>destructor&nbsp;<\/strong>se encuentra en&nbsp;<strong>aguas internacionales<\/strong>&nbsp;por las siguientes razones.<\/p>\n\n\n\n<ul class=\"wp-block-list\">\n<li>Prevenir el\u00a0<strong>tr\u00e1fico de drogas<\/strong>\u00a0y otras sustancias que puedan afectar la seguridad de Estados Unidos<\/li>\n\n\n\n<li>Controlar los\u00a0<strong>flujos migratorios<\/strong>\u00a0hacia Estados Unidos<\/li>\n\n\n\n<li>Colaboraci\u00f3n entre autoridades estadunidenses con la\u00a0<strong>Guardia Costera<\/strong><\/li>\n<\/ul>\n\n\n\n<p><strong>Sheinbaum<\/strong>&nbsp;aclar\u00f3 que el&nbsp;<strong>nav\u00edo estadounidense<\/strong>&nbsp;con capacidad de lanzar&nbsp;<strong>misiles<\/strong>&nbsp;no representa una amenaza para&nbsp;<strong>M\u00e9xico<\/strong>.<\/p>\n\n\n\n<p>\u201c<strong>Nos lo hicieron<\/strong>\u00a0saber antes ese que saliera la noticia y saliera el barco, pero no est\u00e1n en territorio nacional,\u00a0<strong>est\u00e1n en su territorio<\/strong>bajo las\u00a0<strong>normas internacionales<\/strong>\u201d explic\u00f3 la Presidenta.<br><strong>Por qu\u00e9 se conoce al buque USS Gravely?<\/strong><\/p>\n\n\n\n<p>El&nbsp;<strong>buque<\/strong>&nbsp;<strong>USS Gravely<\/strong>&nbsp;fue dise\u00f1ado en&nbsp;<strong>1982<\/strong>&nbsp;y cuenta con un&nbsp;<strong>arsenal avanzado<\/strong>, incluyendo un ca\u00f1\u00f3n principal de 127 mil\u00edmetros con un alcance de disparo de hasta 116.7 km. Este equipo demostr\u00f3 su eficacia en conflictos anteriores, como en el inicio de la guerra entre&nbsp;<strong><a href=\"https:\/\/www.e-consulta.com\/nota\/2025-02-11\/mundo\/israel-continuara-la-guerra-si-hamas-no-libera-rehenes-el-sabado\" target=\"_blank\" rel=\"noreferrer noopener\">Israel<\/a><\/strong>&nbsp;y&nbsp;<strong>Ham\u00e1s<\/strong>, adem\u00e1s ataques rebeldes en&nbsp;<strong>Yemen<\/strong>.<\/p>\n\n\n\n<p>El&nbsp;<strong>Departamento de Defensa de Estados Unidos<\/strong>&nbsp;ser\u00e1 el encargado de coordinar las&nbsp;<strong>fuerzas militares<\/strong>&nbsp;para cumplir los objetivos de la seguridad nacional establecidos por la&nbsp;<strong>Casa Blanca<\/strong>.&nbsp;<\/p>\n","protected":false},"excerpt":{"rendered":"<p>Estados Unidos\u00a0despleg\u00f3 el\u00a0buque USS Gravely\u00a0hacia el\u00a0Golfo de M\u00e9xico para operaciones de seguridad fronteriza contra\u00a0migraci\u00f3n indocumentada, anunci\u00f3 el teniente\u00a0Alexus G. Grynkewich, director de operaciones del Estado Mayor Conjunto del Pent\u00e1gono. Sean Parnell, portavoz del Departamento de Defensa, inform\u00f3 que el\u00a0buque militar\u00a0USS Gravely\u00a0parti\u00f3 el pasado 15 de marzo desde la estaci\u00f3n naval de\u00a0Yorktown,\u00a0Virginia, hacia el\u00a0Golfo de M\u00e9xico. [&hellip;]<\/p>\n","protected":false},"author":4,"featured_media":59934,"comment_status":"open","ping_status":"open","sticky":false,"template":"","format":"standard","meta":{"om_disable_all_campaigns":false,"_monsterinsights_skip_tracking":false,"_monsterinsights_sitenote_active":false,"_monsterinsights_sitenote_note":"","_monsterinsights_sitenote_category":0,"footnotes":""},"categories":[176],"tags":[223],"class_list":["post-59933","post","type-post","status-publish","format-standard","has-post-thumbnail","hentry","category-nacional","tag-puebla"],"amp_enabled":true,"_links":{"self":[{"href":"https:\/\/lahora.mx\/index.php\/wp-json\/wp\/v2\/posts\/59933","targetHints":{"allow":["GET"]}}],"collection":[{"href":"https:\/\/lahora.mx\/index.php\/wp-json\/wp\/v2\/posts"}],"about":[{"href":"https:\/\/lahora.mx\/index.php\/wp-json\/wp\/v2\/types\/post"}],"author":[{"embeddable":true,"href":"https:\/\/lahora.mx\/index.php\/wp-json\/wp\/v2\/users\/4"}],"replies":[{"embeddable":true,"href":"https:\/\/lahora.mx\/index.php\/wp-json\/wp\/v2\/comments?post=59933"}],"version-history":[{"count":1,"href":"https:\/\/lahora.mx\/index.php\/wp-json\/wp\/v2\/posts\/59933\/revisions"}],"predecessor-version":[{"id":59935,"href":"https:\/\/lahora.mx\/index.php\/wp-json\/wp\/v2\/posts\/59933\/revisions\/59935"}],"wp:featuredmedia":[{"embeddable":true,"href":"https:\/\/lahora.mx\/index.php\/wp-json\/wp\/v2\/media\/59934"}],"wp:attachment":[{"href":"https:\/\/lahora.mx\/index.php\/wp-json\/wp\/v2\/media?parent=59933"}],"wp:term":[{"taxonomy":"category","embeddable":true,"href":"https:\/\/lahora.mx\/index.php\/wp-json\/wp\/v2\/categories?post=59933"},{"taxonomy":"post_tag","embeddable":true,"href":"https:\/\/lahora.mx\/index.php\/wp-json\/wp\/v2\/tags?post=59933"}],"curies":[{"name":"wp","href":"https:\/\/api.w.org\/{rel}","templated":true}]}}