{"id":59927,"date":"2025-03-18T21:40:03","date_gmt":"2025-03-18T21:40:03","guid":{"rendered":"https:\/\/lahora.mx\/?p=59927"},"modified":"2025-03-18T21:40:03","modified_gmt":"2025-03-18T21:40:03","slug":"cnte-alista-paro-nacional-de-72-horas","status":"publish","type":"post","link":"https:\/\/lahora.mx\/index.php\/2025\/03\/18\/cnte-alista-paro-nacional-de-72-horas\/","title":{"rendered":"CNTE alista paro nacional de 72 horas"},"content":{"rendered":"\n<p>Habr\u00e1 un&nbsp;<strong>paro nacional<\/strong>&nbsp;de 72 horas que comenzar\u00e1 ma\u00f1ana y culminar\u00e1 el viernes por parte de la Coordinaci\u00f3n Nacional de Trabajadores de la Educaci\u00f3n (<strong>CNTE<\/strong>) en rechazo a la&nbsp;<strong>Reforma de la Ley ISSSTE<\/strong>&nbsp;y la&nbsp;<strong>Reforma Educativa<\/strong>, impulsadas en el sexenio de&nbsp;<strong>Enrique Pe\u00f1a Nieto<\/strong>&nbsp;y&nbsp;<strong>AMLO<\/strong>, respectivamente.<\/p>\n\n\n\n<p>A trav\u00e9s de un comunicado en redes sociales los docentes de la&nbsp;<strong>CNTE<\/strong>&nbsp;anunciaron el paro nacional de 72 horas para la abrogaci\u00f3n de la&nbsp;<strong>Ley ISSSTE de 2007<\/strong>&nbsp;y as\u00ed obtener un sistema de pensiones digno, solidario e intergeneracional con jubilaciones por a\u00f1os de servicio.<\/p>\n\n\n\n<p>Los docentes demostraron su inconformidad contra la\u00a0Reforma a la ley ISSSTE\u00a0\u2014avalada en la actual administraci\u00f3n federal\u2014 desde hace tres semanas con manifestaciones y\u00a0<strong>suspensiones de labores<\/strong>\u00a0al considerar que dicha medida atenta contra su dignidad y sus derechos como trabajadores.<br><strong>M\u00e1s estados se unen al paro nacional por reformas educativas\u00a0<\/strong><\/p>\n\n\n\n<p>La suspensi\u00f3n de clases se llevar\u00e1 a cabo para estudiantes de k\u00ednder, primaria y secundaria y se estima que varios estados se unan al paro nacional organizado por&nbsp;<strong>docentes de la CNTE<\/strong>.<\/p>\n\n\n\n<p>Entre el listado de los estados que ya se unieron al paro nacional se encuentran la Ciudad de M\u00e9xico, Chiapas, Michoac\u00e1n, Guerrero y Zacatecas., donde\u00a0<strong>el alumnado estar\u00e1 sin clases<\/strong>\u00a0en lo que resta de la semana actual.<br><br>Los docentes de la\u00a0CNTE\u00a0aseguraron que ya hab\u00edan acordado una reuni\u00f3n con la presidenta\u00a0<strong>Claudia Sheinbaum Pardo<\/strong>\u00a0en Palacio Nacional para presentar las demandas y recibir respuestas al respecto.<\/p>\n\n\n\n<h2 class=\"wp-block-heading\"><strong>Calendario de actividades<\/strong><\/h2>\n\n\n\n<p>La&nbsp;<strong>CNTE<\/strong>&nbsp;public\u00f3 en sus redes sociales las actividades que se llevar\u00e1n a cabo durante el paro nacional de 72 horas.<\/p>\n\n\n\n<p><strong>Viernes 21 de marzo:\u00a0<\/strong>desfiles con manifestaci\u00f3n pac\u00edfica en contra de las Reformas<\/p>\n\n\n\n<p><strong>Mi\u00e9rcoles 19 de marzo:\u00a0<\/strong>inicia marcha nacional a la 9:00 horas para concentrarse en Palacio Nacional<\/p>\n\n\n\n<p><strong>Jueves 20 de marzo:\u00a0<\/strong>toma de rentas y presidencias municipales<br><br><strong>Docentes de la CNTE rechazan Reforma a la Ley ISSSTE&nbsp;<\/strong><\/p>\n\n\n\n<p><strong>Docentes de la CNTE&nbsp;<\/strong>manifestaron su rechazo a la&nbsp;<strong>Reforma a la Ley ISSSTE<\/strong>&nbsp;ya que aseguraron afectar\u00e1 a los trabajadores que se encuentran afiliados. Algunas de las exigencias que buscan el gobierno acate son las siguientes.<\/p>\n\n\n\n<p>Jubilaci\u00f3n por servicio, 28 a\u00f1os para mujeres y 30 para hombres\u00a0<\/p>\n\n\n\n<p>Abrogaci\u00f3n de la Ley ISSSTE 2007<\/p>\n\n\n\n<p>Retiro de la Reforma a la Ley ISSSTE 2025<\/p>\n\n\n\n<p>Retorno al sistema solidario de pensiones sin UMAS ni Afores<\/p>\n","protected":false},"excerpt":{"rendered":"<p>Habr\u00e1 un&nbsp;paro nacional&nbsp;de 72 horas que comenzar\u00e1 ma\u00f1ana y culminar\u00e1 el viernes por parte de la Coordinaci\u00f3n Nacional de Trabajadores de la Educaci\u00f3n (CNTE) en rechazo a la&nbsp;Reforma de la Ley ISSSTE&nbsp;y la&nbsp;Reforma Educativa, impulsadas en el sexenio de&nbsp;Enrique Pe\u00f1a Nieto&nbsp;y&nbsp;AMLO, respectivamente. A trav\u00e9s de un comunicado en redes sociales los docentes de la&nbsp;CNTE&nbsp;anunciaron el [&hellip;]<\/p>\n","protected":false},"author":4,"featured_media":59928,"comment_status":"open","ping_status":"open","sticky":false,"template":"","format":"standard","meta":{"om_disable_all_campaigns":false,"_monsterinsights_skip_tracking":false,"_monsterinsights_sitenote_active":false,"_monsterinsights_sitenote_note":"","_monsterinsights_sitenote_category":0,"footnotes":""},"categories":[176],"tags":[223],"class_list":["post-59927","post","type-post","status-publish","format-standard","has-post-thumbnail","hentry","category-nacional","tag-puebla"],"amp_enabled":true,"_links":{"self":[{"href":"https:\/\/lahora.mx\/index.php\/wp-json\/wp\/v2\/posts\/59927","targetHints":{"allow":["GET"]}}],"collection":[{"href":"https:\/\/lahora.mx\/index.php\/wp-json\/wp\/v2\/posts"}],"about":[{"href":"https:\/\/lahora.mx\/index.php\/wp-json\/wp\/v2\/types\/post"}],"author":[{"embeddable":true,"href":"https:\/\/lahora.mx\/index.php\/wp-json\/wp\/v2\/users\/4"}],"replies":[{"embeddable":true,"href":"https:\/\/lahora.mx\/index.php\/wp-json\/wp\/v2\/comments?post=59927"}],"version-history":[{"count":1,"href":"https:\/\/lahora.mx\/index.php\/wp-json\/wp\/v2\/posts\/59927\/revisions"}],"predecessor-version":[{"id":59929,"href":"https:\/\/lahora.mx\/index.php\/wp-json\/wp\/v2\/posts\/59927\/revisions\/59929"}],"wp:featuredmedia":[{"embeddable":true,"href":"https:\/\/lahora.mx\/index.php\/wp-json\/wp\/v2\/media\/59928"}],"wp:attachment":[{"href":"https:\/\/lahora.mx\/index.php\/wp-json\/wp\/v2\/media?parent=59927"}],"wp:term":[{"taxonomy":"category","embeddable":true,"href":"https:\/\/lahora.mx\/index.php\/wp-json\/wp\/v2\/categories?post=59927"},{"taxonomy":"post_tag","embeddable":true,"href":"https:\/\/lahora.mx\/index.php\/wp-json\/wp\/v2\/tags?post=59927"}],"curies":[{"name":"wp","href":"https:\/\/api.w.org\/{rel}","templated":true}]}}