{"id":59924,"date":"2025-03-18T21:02:20","date_gmt":"2025-03-18T21:02:20","guid":{"rendered":"https:\/\/lahora.mx\/?p=59924"},"modified":"2025-03-18T21:02:20","modified_gmt":"2025-03-18T21:02:20","slug":"cdh-solo-percance-como-observadora-en-paro-estudiantil-en-la-buap","status":"publish","type":"post","link":"https:\/\/lahora.mx\/index.php\/2025\/03\/18\/cdh-solo-percance-como-observadora-en-paro-estudiantil-en-la-buap\/","title":{"rendered":"CDH, solo percance como observadora en paro estudiantil en la BUAP"},"content":{"rendered":"\n<p>La\u00a0<strong>Comisi\u00f3n de Derechos Humanos<\/strong>\u00a0(CDH) de\u00a0<strong>Puebla<\/strong>no intervendr\u00e1 en el\u00a0<strong>paro estudiantil<\/strong>\u00a0que mantiene cerradas diversas facultades de la Benem\u00e9rita Universidad Aut\u00f3noma de Puebla (BUAP).<\/p>\n\n\n\n<p>As\u00ed lo confirm\u00f3 la titular del organismo,&nbsp;<strong>Rosa Isela S\u00e1nchez Soya<\/strong>, quien asegur\u00f3 que hasta el momento&nbsp;<strong>no se han registrado actos de violencia<\/strong>dentro del movimiento.<\/p>\n\n\n\n<p>\u00abPor ahora no ha habido situaciones que\u00a0<strong>vulneren la seguridad de estudiantes<\/strong>\u00a0o administrativos, por lo que no hemos iniciado\u00a0<strong>ninguna investigaci\u00f3n<\/strong>\u00ab, declar\u00f3 S\u00e1nchez Soya.<br>Aclar\u00f3 que, aunque el\u00a0paro estudiantil\u00a0ha cumplido ya\u00a0<strong>m\u00e1s de tres semanas<\/strong>, la\u00a0<strong>CDH<\/strong>\u00a0sigue atenta a cualquier\u00a0<strong>eventualidad<\/strong>.<\/p>\n\n\n\n<h2 class=\"wp-block-heading\"><strong>CDH s\u00f3lo actuar\u00e1 si se solicita su intervenci\u00f3n<\/strong><\/h2>\n\n\n\n<p><strong>Rosa Isela S\u00e1nchez<\/strong>\u00a0enfatiz\u00f3 que\u00a0<strong>ni la CDH ni el\u00a0gobierno del estado<\/strong>\u00a0interferir\u00e1n en el\u00a0<strong>paro estudiantil de la BUAP<\/strong>, pues su papel es \u00fanicamente el de\u00a0<strong>observadores<\/strong>\u00a0y\u00a0<strong>mediadores<\/strong>.<\/p>\n\n\n\n<p>\u00abNuestra labor no es\u00a0<strong>intervenir<\/strong>, sino garantizar que los\u00a0<strong>derechos humanos<\/strong>\u00a0de todos los involucrados sean respetados\u00bb, puntualiz\u00f3.<br>Asimismo, explic\u00f3 que cualquier posible&nbsp;<strong>intervenci\u00f3n<\/strong>&nbsp;s\u00f3lo ocurrir\u00eda si la rectora de la&nbsp;<strong>BUAP<\/strong>,&nbsp;<strong>Lilia Cedillo Ram\u00edrez<\/strong>, o los propios estudiantes&nbsp;<strong>solicitaran formalmente su apoyo<\/strong>.<\/p>\n\n\n\n<p>Finalmente, la presidenta de la&nbsp;<strong>CDH&nbsp;<\/strong>detall\u00f3 que&nbsp;<strong>visitadores<\/strong>&nbsp;del organismo acuden a&nbsp;<strong>Ciudad Universitaria<\/strong>&nbsp;entre dos y tres veces al d\u00eda para&nbsp;<strong>supervisar la situaci\u00f3n<\/strong>&nbsp;y asegurarse de que no existan&nbsp;<strong>violaciones a los derechos humanos<\/strong>.&nbsp;<\/p>\n","protected":false},"excerpt":{"rendered":"<p>La\u00a0Comisi\u00f3n de Derechos Humanos\u00a0(CDH) de\u00a0Pueblano intervendr\u00e1 en el\u00a0paro estudiantil\u00a0que mantiene cerradas diversas facultades de la Benem\u00e9rita Universidad Aut\u00f3noma de Puebla (BUAP). As\u00ed lo confirm\u00f3 la titular del organismo,&nbsp;Rosa Isela S\u00e1nchez Soya, quien asegur\u00f3 que hasta el momento&nbsp;no se han registrado actos de violenciadentro del movimiento. \u00abPor ahora no ha habido situaciones que\u00a0vulneren la seguridad de [&hellip;]<\/p>\n","protected":false},"author":4,"featured_media":59925,"comment_status":"open","ping_status":"open","sticky":false,"template":"","format":"standard","meta":{"om_disable_all_campaigns":false,"_monsterinsights_skip_tracking":false,"_monsterinsights_sitenote_active":false,"_monsterinsights_sitenote_note":"","_monsterinsights_sitenote_category":0,"footnotes":""},"categories":[175],"tags":[223],"class_list":["post-59924","post","type-post","status-publish","format-standard","has-post-thumbnail","hentry","category-local","tag-puebla"],"amp_enabled":true,"_links":{"self":[{"href":"https:\/\/lahora.mx\/index.php\/wp-json\/wp\/v2\/posts\/59924","targetHints":{"allow":["GET"]}}],"collection":[{"href":"https:\/\/lahora.mx\/index.php\/wp-json\/wp\/v2\/posts"}],"about":[{"href":"https:\/\/lahora.mx\/index.php\/wp-json\/wp\/v2\/types\/post"}],"author":[{"embeddable":true,"href":"https:\/\/lahora.mx\/index.php\/wp-json\/wp\/v2\/users\/4"}],"replies":[{"embeddable":true,"href":"https:\/\/lahora.mx\/index.php\/wp-json\/wp\/v2\/comments?post=59924"}],"version-history":[{"count":1,"href":"https:\/\/lahora.mx\/index.php\/wp-json\/wp\/v2\/posts\/59924\/revisions"}],"predecessor-version":[{"id":59926,"href":"https:\/\/lahora.mx\/index.php\/wp-json\/wp\/v2\/posts\/59924\/revisions\/59926"}],"wp:featuredmedia":[{"embeddable":true,"href":"https:\/\/lahora.mx\/index.php\/wp-json\/wp\/v2\/media\/59925"}],"wp:attachment":[{"href":"https:\/\/lahora.mx\/index.php\/wp-json\/wp\/v2\/media?parent=59924"}],"wp:term":[{"taxonomy":"category","embeddable":true,"href":"https:\/\/lahora.mx\/index.php\/wp-json\/wp\/v2\/categories?post=59924"},{"taxonomy":"post_tag","embeddable":true,"href":"https:\/\/lahora.mx\/index.php\/wp-json\/wp\/v2\/tags?post=59924"}],"curies":[{"name":"wp","href":"https:\/\/api.w.org\/{rel}","templated":true}]}}