{"id":59918,"date":"2025-03-18T17:13:27","date_gmt":"2025-03-18T17:13:27","guid":{"rendered":"https:\/\/lahora.mx\/?p=59918"},"modified":"2025-03-18T17:13:27","modified_gmt":"2025-03-18T17:13:27","slug":"se-detectan-los-primeros-3-casos-de-tos-ferina-en-puebla","status":"publish","type":"post","link":"https:\/\/lahora.mx\/index.php\/2025\/03\/18\/se-detectan-los-primeros-3-casos-de-tos-ferina-en-puebla\/","title":{"rendered":"Se detectan los primeros 3 casos de tos ferina en Puebla"},"content":{"rendered":"\n<p>Hay contabilizados&nbsp;<strong>tres casos activos de tos ferina<\/strong>en el estado de&nbsp;<strong>Puebla<\/strong>, enfermedad aguda que afecta las v\u00edas respiratorias y ataca principalmente a infantes de entre tres y 12 a\u00f1os y puede incluso provocar la muerte.<\/p>\n\n\n\n<p>En la Ma\u00f1anera del Pueblo de hoy el titular de la&nbsp;<strong>Secretar\u00eda de Salud<\/strong>&nbsp;federal,&nbsp;<strong>David Kershenobich Stalnikowitz<\/strong>, revel\u00f3 las cifras y recomend\u00f3 la vacunaci\u00f3n de ni\u00f1os, mujeres embarazadas y personal del sector salud.<\/p>\n\n\n\n<p>Inform\u00f3 sobre los s\u00edntomas que provoca la tos ferina\u00a0en infectados, destacando ataques de tos, escurrimiento nasal, v\u00f3mito, e incluso dedos y labios morados. En infantes se suele presentar\u00a0<strong>dificultad para respirar<\/strong>.<br>Los tres casos de tos ferina activos registrados en la entidad ubica a<strong>&nbsp;Puebla en<\/strong>&nbsp;<strong>el sitio 18 a escala nacional<\/strong>&nbsp;con m\u00e1s incidencias.<\/p>\n\n\n\n<h2 class=\"wp-block-heading\"><strong>\u00bfTos ferina amerita alerta sanitaria en M\u00e9xico? Esto responde Salud<\/strong><\/h2>\n\n\n\n<p>\u00abLos&nbsp;<strong>ni\u00f1os<\/strong>&nbsp;son los m\u00e1s susceptibles con la&nbsp;<strong>tos ferina<\/strong>, porque al estar acostados y tener un ataque de tos, pueden tener espasmos y dificultad respiratoria que&nbsp;<strong>los pone en peligro de fallecer<\/strong>\u00ab, expuso.<\/p>\n\n\n\n<p>Ante posibles padecimientos&nbsp;<strong>David Kershenobich&nbsp;<\/strong>recomend\u00f3 no automedicarse si no se confirma la presencia de&nbsp;<strong>tos ferina<\/strong>, adem\u00e1s de vacunarse de forma&nbsp;<strong>preventiva<\/strong>.<\/p>\n","protected":false},"excerpt":{"rendered":"<p>Hay contabilizados&nbsp;tres casos activos de tos ferinaen el estado de&nbsp;Puebla, enfermedad aguda que afecta las v\u00edas respiratorias y ataca principalmente a infantes de entre tres y 12 a\u00f1os y puede incluso provocar la muerte. En la Ma\u00f1anera del Pueblo de hoy el titular de la&nbsp;Secretar\u00eda de Salud&nbsp;federal,&nbsp;David Kershenobich Stalnikowitz, revel\u00f3 las cifras y recomend\u00f3 la [&hellip;]<\/p>\n","protected":false},"author":4,"featured_media":59919,"comment_status":"open","ping_status":"open","sticky":false,"template":"","format":"standard","meta":{"om_disable_all_campaigns":false,"_monsterinsights_skip_tracking":false,"_monsterinsights_sitenote_active":false,"_monsterinsights_sitenote_note":"","_monsterinsights_sitenote_category":0,"footnotes":""},"categories":[175,252],"tags":[195,223],"class_list":["post-59918","post","type-post","status-publish","format-standard","has-post-thumbnail","hentry","category-local","category-salud","tag-principal","tag-puebla"],"amp_enabled":true,"_links":{"self":[{"href":"https:\/\/lahora.mx\/index.php\/wp-json\/wp\/v2\/posts\/59918","targetHints":{"allow":["GET"]}}],"collection":[{"href":"https:\/\/lahora.mx\/index.php\/wp-json\/wp\/v2\/posts"}],"about":[{"href":"https:\/\/lahora.mx\/index.php\/wp-json\/wp\/v2\/types\/post"}],"author":[{"embeddable":true,"href":"https:\/\/lahora.mx\/index.php\/wp-json\/wp\/v2\/users\/4"}],"replies":[{"embeddable":true,"href":"https:\/\/lahora.mx\/index.php\/wp-json\/wp\/v2\/comments?post=59918"}],"version-history":[{"count":1,"href":"https:\/\/lahora.mx\/index.php\/wp-json\/wp\/v2\/posts\/59918\/revisions"}],"predecessor-version":[{"id":59920,"href":"https:\/\/lahora.mx\/index.php\/wp-json\/wp\/v2\/posts\/59918\/revisions\/59920"}],"wp:featuredmedia":[{"embeddable":true,"href":"https:\/\/lahora.mx\/index.php\/wp-json\/wp\/v2\/media\/59919"}],"wp:attachment":[{"href":"https:\/\/lahora.mx\/index.php\/wp-json\/wp\/v2\/media?parent=59918"}],"wp:term":[{"taxonomy":"category","embeddable":true,"href":"https:\/\/lahora.mx\/index.php\/wp-json\/wp\/v2\/categories?post=59918"},{"taxonomy":"post_tag","embeddable":true,"href":"https:\/\/lahora.mx\/index.php\/wp-json\/wp\/v2\/tags?post=59918"}],"curies":[{"name":"wp","href":"https:\/\/api.w.org\/{rel}","templated":true}]}}