{"id":59896,"date":"2025-03-17T17:22:20","date_gmt":"2025-03-17T17:22:20","guid":{"rendered":"https:\/\/lahora.mx\/?p=59896"},"modified":"2025-03-17T17:22:21","modified_gmt":"2025-03-17T17:22:21","slug":"la-presidenta-claudia-sheinbaum-anuncia-acciones-para-atender-desaparicion-de-personas","status":"publish","type":"post","link":"https:\/\/lahora.mx\/index.php\/2025\/03\/17\/la-presidenta-claudia-sheinbaum-anuncia-acciones-para-atender-desaparicion-de-personas\/","title":{"rendered":"La presidenta Claudia Sheinbaum anuncia acciones para atender desaparici\u00f3n de personas"},"content":{"rendered":"\n<p>Luego que se diera a conocer el hallazgo de una\u00a0fosa clandestina\u00a0y presuntos\u00a0<strong>campos de exterminio<\/strong>\u00a0y reclutamiento en el Rancho Izaguirre, en\u00a0<strong>Teuchitl\u00e1n, Jalisco<\/strong>, la presidenta\u00a0<strong>Claudia Sheinbaum<\/strong>\u00a0anunci\u00f3\u00a0<strong>seis acciones<\/strong>\u00a0que tomar\u00e1 su gobierno para atender la\u00a0<strong>desaparici\u00f3n de personas<\/strong>\u00a0en M\u00e9xico.<\/p>\n\n\n\n<p>Durante la ma\u00f1anera del pueblo, desde&nbsp;<strong>Palacio Nacional<\/strong>, la mandataria federal adelant\u00f3 que&nbsp;<strong>signar\u00e1 un decreto<\/strong>&nbsp;para fortalecer la Comisi\u00f3n Nacional de B\u00fasqueda&nbsp;<strong>(CNB)<\/strong>.<\/p>\n\n\n\n<p>\u201cActuaremos en el marco de la ley y con toda la fuerza del Estado\u201d, enfatiz\u00f3 en la ma\u00f1anera de hoy.<br>Las\u00a0<strong>seis acciones<\/strong>\u00a0que implementar\u00e1 el Gobierno Federal para atender la\u00a0desaparici\u00f3n de personas en M\u00e9xico con las siguientes:<\/p>\n\n\n\n<ul class=\"wp-block-list\">\n<li>Hoy firmar\u00e1 un decreto para fortalecer la Comisi\u00f3n Nacional de B\u00fasqueda<\/li>\n\n\n\n<li>El jueves enviar\u00e1 varias iniciativas de reforma al Congreso de la Uni\u00f3n, entre ellas para consolidar el Certificado \u00danico de Registro de Poblaci\u00f3n<\/li>\n\n\n\n<li>Incorporar en la ley nuevos protocolos que permitan generar una alerta de b\u00fasqueda inmediata<\/li>\n\n\n\n<li>Equiparar el delito de desaparici\u00f3n al de secuestro y homologar las penas<\/li>\n\n\n\n<li>Establecer la publicaci\u00f3n mensual de las cifras de investigaci\u00f3n sobre desapariciones de las Fiscal\u00edas estatales<\/li>\n\n\n\n<li>Fortalecer la Comisi\u00f3n Ejecutiva de Atenci\u00f3n a V\u00edctimas<\/li>\n<\/ul>\n\n\n\n<p>Asimismo,\u00a0<strong>Claudia Sheinbaum<\/strong>\u00a0adelant\u00f3 que el pr\u00f3ximo mi\u00e9rcoles el titular de la Fiscal\u00eda General de la Rep\u00fablica (FGE),\u00a0<strong>Alejandro Gertz Manero<\/strong>, dar\u00e1 a conocer los avances en la\u00a0<strong>investigaci\u00f3n<\/strong>\u00a0del hallazgo de la fosa clandestina en el Rancho Izaguirre, en\u00a0<strong>Teuchitl\u00e1n, Jalisco<\/strong>.<br>\u201cEstamos comprometidos en brindar\u00a0<strong>certeza<\/strong>\u00a0<strong>y<\/strong>\u00a0<strong>verdad a las familias<\/strong>\u00a0de las personas\u00a0desaparecidas<strong>\u00a0<\/strong>(\u2026) esclarecer los hechos mediante la informaci\u00f3n que se tenga de la evidencia cient\u00edfica y\u00a0<strong>se perseguir\u00e1 a los responsables<\/strong>.<\/p>\n\n\n\n<p>Puntualiz\u00f3 que&nbsp;<strong>no habr\u00e1 impunidad<\/strong>&nbsp;y \u201cnunca ocultaremos nada,&nbsp;<strong>la verdad<\/strong>&nbsp;debe prevalecer siempre\u201d.<\/p>\n\n\n\n<p>\u201cEn mi gobierno no habr\u00e1\u00a0<strong>construcci\u00f3n oscura de verdades hist\u00f3ricas<\/strong>. Desde el gobierno no se tolerar\u00e1 la\u00a0<strong>construcci\u00f3n de verdades a medias o falsedades<\/strong>\u00ab, espet\u00f3 Claudia Sheinbaum.\u00a0<br><\/p>\n","protected":false},"excerpt":{"rendered":"<p>Luego que se diera a conocer el hallazgo de una\u00a0fosa clandestina\u00a0y presuntos\u00a0campos de exterminio\u00a0y reclutamiento en el Rancho Izaguirre, en\u00a0Teuchitl\u00e1n, Jalisco, la presidenta\u00a0Claudia Sheinbaum\u00a0anunci\u00f3\u00a0seis acciones\u00a0que tomar\u00e1 su gobierno para atender la\u00a0desaparici\u00f3n de personas\u00a0en M\u00e9xico. Durante la ma\u00f1anera del pueblo, desde&nbsp;Palacio Nacional, la mandataria federal adelant\u00f3 que&nbsp;signar\u00e1 un decreto&nbsp;para fortalecer la Comisi\u00f3n Nacional de B\u00fasqueda&nbsp;(CNB). \u201cActuaremos [&hellip;]<\/p>\n","protected":false},"author":4,"featured_media":59897,"comment_status":"open","ping_status":"open","sticky":false,"template":"","format":"standard","meta":{"om_disable_all_campaigns":false,"_monsterinsights_skip_tracking":false,"_monsterinsights_sitenote_active":false,"_monsterinsights_sitenote_note":"","_monsterinsights_sitenote_category":0,"footnotes":""},"categories":[176],"tags":[195],"class_list":["post-59896","post","type-post","status-publish","format-standard","has-post-thumbnail","hentry","category-nacional","tag-principal"],"amp_enabled":true,"_links":{"self":[{"href":"https:\/\/lahora.mx\/index.php\/wp-json\/wp\/v2\/posts\/59896","targetHints":{"allow":["GET"]}}],"collection":[{"href":"https:\/\/lahora.mx\/index.php\/wp-json\/wp\/v2\/posts"}],"about":[{"href":"https:\/\/lahora.mx\/index.php\/wp-json\/wp\/v2\/types\/post"}],"author":[{"embeddable":true,"href":"https:\/\/lahora.mx\/index.php\/wp-json\/wp\/v2\/users\/4"}],"replies":[{"embeddable":true,"href":"https:\/\/lahora.mx\/index.php\/wp-json\/wp\/v2\/comments?post=59896"}],"version-history":[{"count":1,"href":"https:\/\/lahora.mx\/index.php\/wp-json\/wp\/v2\/posts\/59896\/revisions"}],"predecessor-version":[{"id":59898,"href":"https:\/\/lahora.mx\/index.php\/wp-json\/wp\/v2\/posts\/59896\/revisions\/59898"}],"wp:featuredmedia":[{"embeddable":true,"href":"https:\/\/lahora.mx\/index.php\/wp-json\/wp\/v2\/media\/59897"}],"wp:attachment":[{"href":"https:\/\/lahora.mx\/index.php\/wp-json\/wp\/v2\/media?parent=59896"}],"wp:term":[{"taxonomy":"category","embeddable":true,"href":"https:\/\/lahora.mx\/index.php\/wp-json\/wp\/v2\/categories?post=59896"},{"taxonomy":"post_tag","embeddable":true,"href":"https:\/\/lahora.mx\/index.php\/wp-json\/wp\/v2\/tags?post=59896"}],"curies":[{"name":"wp","href":"https:\/\/api.w.org\/{rel}","templated":true}]}}