{"id":59893,"date":"2025-03-16T22:45:46","date_gmt":"2025-03-16T22:45:46","guid":{"rendered":"https:\/\/lahora.mx\/?p=59893"},"modified":"2025-03-16T22:45:47","modified_gmt":"2025-03-16T22:45:47","slug":"lavacoches-se-robo-una-taos-en-misiones-de-san-francisco","status":"publish","type":"post","link":"https:\/\/lahora.mx\/index.php\/2025\/03\/16\/lavacoches-se-robo-una-taos-en-misiones-de-san-francisco\/","title":{"rendered":"Lavacoches se rob\u00f3 una Taos en Misiones de San Francisco"},"content":{"rendered":"\n<p>El\u00a0<strong>municipio de Coronango<\/strong>\u00a0que preside el edil\u00a0<strong>Armando Aguirre<\/strong>\u00a0qued\u00f3 exhibido como\u00a0<strong>\u201ctierra sin ley\u201d<\/strong>, pues un ciudadano fue v\u00edctima de un\u00a0<strong>robo por parte del lavacoches<\/strong>\u00a0con el que acudi\u00f3 a lavar su camioneta\u00a0<strong>Volkswagen Taos<\/strong>, el cual sali\u00f3 huyendo con el veh\u00edculo.<br>De acuerdo con las im\u00e1genes captadas por una&nbsp;<strong>c\u00e1mara de videovigilancia<\/strong>&nbsp;del establecimiento, se observa que el&nbsp;<strong>delincuente aprovech\u00f3 que se encontraba solo<\/strong>&nbsp;para subir a la camioneta y darse a la fuga.<\/p>\n\n\n\n<p>El incidente ocurri\u00f3 ayer s\u00e1bado en&nbsp;<strong>Misiones de San Francisco<\/strong>, conjunto habitacional donde com\u00fanmente&nbsp;<strong>ocurren asaltos y robo<\/strong>s que la administraci\u00f3n p\u00fablica de&nbsp;<strong>Armando Aguirre&nbsp;<\/strong>no ha podido detener.<\/p>\n\n\n\n<p>Al respecto, la&nbsp;<strong>Secretar\u00eda de Seguridad P\u00fablica de Coronango<\/strong>, reconoci\u00f3 que no actu\u00f3 de&nbsp;<strong>manera inmediata<\/strong>, se\u00f1alando que todo se trat\u00f3 de un&nbsp;<strong>abuso de confianza<\/strong>.<\/p>\n\n\n\n<p>Cabe destacar que durante enero y febrero suman&nbsp;<strong>48 denuncias por robos de veh\u00edculos en Coronango<\/strong>, siendo&nbsp;<strong>6 con violencia.<\/strong>&nbsp;Adem\u00e1s, de los 48 robos de veh\u00edculos, 15 han sido motocicletas y de ellos, 4 fueron con violencia.<\/p>\n","protected":false},"excerpt":{"rendered":"<p>El\u00a0municipio de Coronango\u00a0que preside el edil\u00a0Armando Aguirre\u00a0qued\u00f3 exhibido como\u00a0\u201ctierra sin ley\u201d, pues un ciudadano fue v\u00edctima de un\u00a0robo por parte del lavacoches\u00a0con el que acudi\u00f3 a lavar su camioneta\u00a0Volkswagen Taos, el cual sali\u00f3 huyendo con el veh\u00edculo.De acuerdo con las im\u00e1genes captadas por una&nbsp;c\u00e1mara de videovigilancia&nbsp;del establecimiento, se observa que el&nbsp;delincuente aprovech\u00f3 que se encontraba [&hellip;]<\/p>\n","protected":false},"author":4,"featured_media":59894,"comment_status":"open","ping_status":"open","sticky":false,"template":"","format":"standard","meta":{"om_disable_all_campaigns":false,"_monsterinsights_skip_tracking":false,"_monsterinsights_sitenote_active":false,"_monsterinsights_sitenote_note":"","_monsterinsights_sitenote_category":0,"footnotes":""},"categories":[175,226],"tags":[223],"class_list":["post-59893","post","type-post","status-publish","format-standard","has-post-thumbnail","hentry","category-local","category-policia","tag-puebla"],"amp_enabled":true,"_links":{"self":[{"href":"https:\/\/lahora.mx\/index.php\/wp-json\/wp\/v2\/posts\/59893","targetHints":{"allow":["GET"]}}],"collection":[{"href":"https:\/\/lahora.mx\/index.php\/wp-json\/wp\/v2\/posts"}],"about":[{"href":"https:\/\/lahora.mx\/index.php\/wp-json\/wp\/v2\/types\/post"}],"author":[{"embeddable":true,"href":"https:\/\/lahora.mx\/index.php\/wp-json\/wp\/v2\/users\/4"}],"replies":[{"embeddable":true,"href":"https:\/\/lahora.mx\/index.php\/wp-json\/wp\/v2\/comments?post=59893"}],"version-history":[{"count":1,"href":"https:\/\/lahora.mx\/index.php\/wp-json\/wp\/v2\/posts\/59893\/revisions"}],"predecessor-version":[{"id":59895,"href":"https:\/\/lahora.mx\/index.php\/wp-json\/wp\/v2\/posts\/59893\/revisions\/59895"}],"wp:featuredmedia":[{"embeddable":true,"href":"https:\/\/lahora.mx\/index.php\/wp-json\/wp\/v2\/media\/59894"}],"wp:attachment":[{"href":"https:\/\/lahora.mx\/index.php\/wp-json\/wp\/v2\/media?parent=59893"}],"wp:term":[{"taxonomy":"category","embeddable":true,"href":"https:\/\/lahora.mx\/index.php\/wp-json\/wp\/v2\/categories?post=59893"},{"taxonomy":"post_tag","embeddable":true,"href":"https:\/\/lahora.mx\/index.php\/wp-json\/wp\/v2\/tags?post=59893"}],"curies":[{"name":"wp","href":"https:\/\/api.w.org\/{rel}","templated":true}]}}