{"id":59887,"date":"2025-03-16T22:16:38","date_gmt":"2025-03-16T22:16:38","guid":{"rendered":"https:\/\/lahora.mx\/?p=59887"},"modified":"2025-03-16T22:16:38","modified_gmt":"2025-03-16T22:16:38","slug":"vaticano-difunde-primera-foto-del-papa-francisco-desde-que-fue-hospitalizado","status":"publish","type":"post","link":"https:\/\/lahora.mx\/index.php\/2025\/03\/16\/vaticano-difunde-primera-foto-del-papa-francisco-desde-que-fue-hospitalizado\/","title":{"rendered":"Vaticano difunde primera foto del Papa Francisco desde que fue hospitalizado"},"content":{"rendered":"\n<p><strong>El Vaticano<\/strong>&nbsp;difundi\u00f3 este domingo la primera foto del&nbsp;<strong>papa Francisco<\/strong>desde que fue hospitalizado, el pasado 14 de febrero, en el hospital Gemelli, de Roma.<\/p>\n\n\n\n<p>En la foto, se ve a Francisco de espaldas, sentado, concelebrando la misa en la capilla del apartamento en la d\u00e9cima planta del Gemelli de Roma.<\/p>\n\n\n\n<p>La foto se difundi\u00f3 poco despu\u00e9s de que se diera a conocer el\u00a0mensaje De Francisco con motivo del \u00c1ngelus, que envi\u00f3 por escrito, y en el que reconoci\u00f3 estar atravesando \u201cun momento de prueba\u201d.<br>El Pont\u00edfice, internado por una bronquitis y quien en el hospital desarroll\u00f3\u00a0<strong>neumon\u00eda bilateral<\/strong>, dijo que \u201cnuestro f\u00edsico est\u00e1 d\u00e9bil, pero, incluso as\u00ed, nada puede impedirnos amar, rezar, entregarnos, estar los unos para los otros\u201d.<\/p>\n\n\n\n<p>En su mensaje, Francisco, de 88 a\u00f1os, dijo unirse \u201ca los tantos hermanos y hermanas enfermos fr\u00e1giles, en este momento, como yo\u00bb.<\/p>\n\n\n\n<p>El \u00faltimo parte m\u00e9dico, difundido el s\u00e1bado por la noche por la Santa Sede, indic\u00f3 que su estado de salud se manten\u00eda \u00abestable\u00bb, pero que necesitaba a\u00fan continuar con su terapia en el hospital pese a su \u00abmejora gradual\u00bb.<br>Como muestra de esta mejor\u00eda, Jorge Bergoglio reduce \u00abprogresivamente\u00bb el uso de una mascarilla de ox\u00edgeno por la noche, en beneficio de una c\u00e1nula nasal de alto flujo, que ya usa de d\u00eda y que obliga a los pulmones a estar m\u00e1s activos.<\/p>\n\n\n\n<p>Desde su \u00faltima fuerte reca\u00edda, registrada el 3 de marzo, su estado mejor\u00f3 gradualmente y el lunes su pron\u00f3stico dej\u00f3 de ser reservado, pero los m\u00e9dicos todav\u00eda no se pronunciaron sobre una fecha de alta. El Vaticano apunta a una recuperaci\u00f3n lenta.<br>Antes de esta primera foto desde el hospital, el Vaticano hab\u00eda difundido, el pasado 6 de marzo, un audio del Papa, en el que, con voz muy d\u00e9bil y cansada, agradec\u00eda las oraciones por su salud.<\/p>\n\n\n\n<p><\/p>\n\n\n\n<p>\u201cAgradezco de todo coraz\u00f3n las oraciones que hacen por mi salud desde la plaza, los acompa\u00f1o desde ac\u00e1. Que Dios los bendiga y que la Virgen los cuide. Gracias\u00bb, dec\u00eda el breve mensaje, difundido al inicio de los Rosarios que se organizaron en todo el mundo para pedir por el jerarca.<br><br>Tambi\u00e9n el domingo, docenas de ni\u00f1os con globos amarillos y blancos \u2014 muchos de pa\u00edses devastados por la guerra \u2014 se reunieron frente al hospital Gemelli de Roma para saludar al Papa, quien fue informado de la visita, a la que aludi\u00f3 en la tradicional bendici\u00f3n dominical.&nbsp;<\/p>\n\n\n\n<p>\u201cS\u00e9 que muchos ni\u00f1os est\u00e1n orando por m\u00ed; algunos de ellos vinieron hoy aqu\u00ed a Gemelli como un signo de cercan\u00eda\u201d, declar\u00f3 el pont\u00edfice en el texto del Angelus preparado para la oraci\u00f3n tradicional, pero que no fue entregado en vivo nuevamente.&nbsp;<\/p>\n\n\n\n<p>\u201c\u00a1Gracias, queridos ni\u00f1os! El papa los ama y siempre est\u00e1 esperando conocerlos\u201d, afirm\u00f3 Francisco.<\/p>\n","protected":false},"excerpt":{"rendered":"<p>El Vaticano&nbsp;difundi\u00f3 este domingo la primera foto del&nbsp;papa Franciscodesde que fue hospitalizado, el pasado 14 de febrero, en el hospital Gemelli, de Roma. En la foto, se ve a Francisco de espaldas, sentado, concelebrando la misa en la capilla del apartamento en la d\u00e9cima planta del Gemelli de Roma. La foto se difundi\u00f3 poco despu\u00e9s [&hellip;]<\/p>\n","protected":false},"author":4,"featured_media":59888,"comment_status":"open","ping_status":"open","sticky":false,"template":"","format":"standard","meta":{"om_disable_all_campaigns":false,"_monsterinsights_skip_tracking":false,"_monsterinsights_sitenote_active":false,"_monsterinsights_sitenote_note":"","_monsterinsights_sitenote_category":0,"footnotes":""},"categories":[176],"tags":[],"class_list":["post-59887","post","type-post","status-publish","format-standard","has-post-thumbnail","hentry","category-nacional"],"amp_enabled":true,"_links":{"self":[{"href":"https:\/\/lahora.mx\/index.php\/wp-json\/wp\/v2\/posts\/59887","targetHints":{"allow":["GET"]}}],"collection":[{"href":"https:\/\/lahora.mx\/index.php\/wp-json\/wp\/v2\/posts"}],"about":[{"href":"https:\/\/lahora.mx\/index.php\/wp-json\/wp\/v2\/types\/post"}],"author":[{"embeddable":true,"href":"https:\/\/lahora.mx\/index.php\/wp-json\/wp\/v2\/users\/4"}],"replies":[{"embeddable":true,"href":"https:\/\/lahora.mx\/index.php\/wp-json\/wp\/v2\/comments?post=59887"}],"version-history":[{"count":1,"href":"https:\/\/lahora.mx\/index.php\/wp-json\/wp\/v2\/posts\/59887\/revisions"}],"predecessor-version":[{"id":59889,"href":"https:\/\/lahora.mx\/index.php\/wp-json\/wp\/v2\/posts\/59887\/revisions\/59889"}],"wp:featuredmedia":[{"embeddable":true,"href":"https:\/\/lahora.mx\/index.php\/wp-json\/wp\/v2\/media\/59888"}],"wp:attachment":[{"href":"https:\/\/lahora.mx\/index.php\/wp-json\/wp\/v2\/media?parent=59887"}],"wp:term":[{"taxonomy":"category","embeddable":true,"href":"https:\/\/lahora.mx\/index.php\/wp-json\/wp\/v2\/categories?post=59887"},{"taxonomy":"post_tag","embeddable":true,"href":"https:\/\/lahora.mx\/index.php\/wp-json\/wp\/v2\/tags?post=59887"}],"curies":[{"name":"wp","href":"https:\/\/api.w.org\/{rel}","templated":true}]}}