{"id":59884,"date":"2025-03-16T22:05:30","date_gmt":"2025-03-16T22:05:30","guid":{"rendered":"https:\/\/lahora.mx\/?p=59884"},"modified":"2025-03-16T22:05:30","modified_gmt":"2025-03-16T22:05:30","slug":"notifican-a-congreso-de-puebla-sobre-alcaldes-sustitutos-de-ciudad-serdan-y-tlachichuca","status":"publish","type":"post","link":"https:\/\/lahora.mx\/index.php\/2025\/03\/16\/notifican-a-congreso-de-puebla-sobre-alcaldes-sustitutos-de-ciudad-serdan-y-tlachichuca\/","title":{"rendered":"Notifican a Congreso de Puebla sobre alcaldes sustitutos de Ciudad Serd\u00e1n y Tlachichuca"},"content":{"rendered":"\n<p><strong>Ocho d\u00edas despu\u00e9s de la detenci\u00f3n de los alcaldes de la regi\u00f3n de\u00a0Serd\u00e1n, Uruviel N y Geovanni N<\/strong>, el Congreso de Puebla fue notificado sobre qui\u00e9nes rindieron protesta como presidentes municipales sustitutos.\u00a0<strong>De San Nicol\u00e1s Buenos Aires, donde el edil est\u00e1 pr\u00f3fugo<\/strong>, no hay informaci\u00f3n de qui\u00e9n gobierna el territorio.\u00a0<\/p>\n\n\n\n<p>En sesi\u00f3n ordinaria del Pleno,&nbsp;<strong>el presidente de la Mesa Directiva del Congreso, Mauricio C\u00e9spedes Peregrina<\/strong>, inform\u00f3 que Rafael Brenes Nepomuceno rindi\u00f3 protesta como alcalde sustituto de Chalchicomula de Sesma,<strong>&nbsp;ante la ausencia de Uruviel N.<\/strong>&nbsp;<\/p>\n\n\n\n<p><strong>Lo anterior se desprende del documento remitido por Gloria Monterrosas Gonz\u00e1lez<\/strong>, secretaria general del ayuntamiento, en el que detall\u00f3 que la designaci\u00f3n de Brenes fue por acuerdo del Cabildo,\u00a0<strong>que celebr\u00f3 una sesi\u00f3n extraordinaria d\u00edas atr\u00e1s, sin especificar la fecha.\u00a0<\/strong><br>En tanto,&nbsp;<strong>en el ayuntamiento de Tlachichuca, rindi\u00f3 protesta como alcalde sustituto de Giovanni N, Iv\u00e1n Ortega Mu\u00f1oz, por decisi\u00f3n del Cabildo.<\/strong>&nbsp;&nbsp;Lo anterior fue notificado al Congreso por el secretario general el municipio, Jaime Edgar Collantes.&nbsp;<\/p>\n\n\n\n<p><strong>Los documentos fueron remitidos a la Comisi\u00f3n de Gobernaci\u00f3n y Puntos Constitucionales<\/strong>, con copia a la de Evaluaci\u00f3n de la Auditor\u00eda Superior del Estado (ASE) para su an\u00e1lisis.&nbsp;<\/p>\n\n\n\n<p>No obstante,<strong>&nbsp;en San Nicol\u00e1s Buenos Aires, no hay informaci\u00f3n de quien sustituye las actividades del alcalde Ramiro N<\/strong>, quien est\u00e1 pr\u00f3fugo de la justicia desde que fueron detenidos sus hermanos ediles de la regi\u00f3n de Serd\u00e1n<strong>. El Congreso sigue sin ser notificado sobre qui\u00e9n gobierna el municipio<\/strong>.<\/p>\n\n\n\n<p>Cabe mencionar que, Uruviel N y Geovanni N, fueron detenidos, junto a su padre Margarito N, el pasado 7 de marzo.<strong>&nbsp;En sus primeros d\u00edas de arresto, la presidenta del Congreso, Laura Artemisa Garc\u00eda Ch\u00e1vez, dijo desconocer qui\u00e9nes estaban a cargo de dichos ayuntamientos<\/strong>, debido a que esto era competencia de la Secretar\u00eda de Gobernaci\u00f3n. D\u00edas m\u00e1s tarde, el padre de los alcaldes fue liberado.<\/p>\n","protected":false},"excerpt":{"rendered":"<p>Ocho d\u00edas despu\u00e9s de la detenci\u00f3n de los alcaldes de la regi\u00f3n de\u00a0Serd\u00e1n, Uruviel N y Geovanni N, el Congreso de Puebla fue notificado sobre qui\u00e9nes rindieron protesta como presidentes municipales sustitutos.\u00a0De San Nicol\u00e1s Buenos Aires, donde el edil est\u00e1 pr\u00f3fugo, no hay informaci\u00f3n de qui\u00e9n gobierna el territorio.\u00a0 En sesi\u00f3n ordinaria del Pleno,&nbsp;el presidente [&hellip;]<\/p>\n","protected":false},"author":4,"featured_media":59885,"comment_status":"open","ping_status":"open","sticky":false,"template":"","format":"standard","meta":{"om_disable_all_campaigns":false,"_monsterinsights_skip_tracking":false,"_monsterinsights_sitenote_active":false,"_monsterinsights_sitenote_note":"","_monsterinsights_sitenote_category":0,"footnotes":""},"categories":[175],"tags":[227],"class_list":["post-59884","post","type-post","status-publish","format-standard","has-post-thumbnail","hentry","category-local","tag-congreso"],"amp_enabled":true,"_links":{"self":[{"href":"https:\/\/lahora.mx\/index.php\/wp-json\/wp\/v2\/posts\/59884","targetHints":{"allow":["GET"]}}],"collection":[{"href":"https:\/\/lahora.mx\/index.php\/wp-json\/wp\/v2\/posts"}],"about":[{"href":"https:\/\/lahora.mx\/index.php\/wp-json\/wp\/v2\/types\/post"}],"author":[{"embeddable":true,"href":"https:\/\/lahora.mx\/index.php\/wp-json\/wp\/v2\/users\/4"}],"replies":[{"embeddable":true,"href":"https:\/\/lahora.mx\/index.php\/wp-json\/wp\/v2\/comments?post=59884"}],"version-history":[{"count":1,"href":"https:\/\/lahora.mx\/index.php\/wp-json\/wp\/v2\/posts\/59884\/revisions"}],"predecessor-version":[{"id":59886,"href":"https:\/\/lahora.mx\/index.php\/wp-json\/wp\/v2\/posts\/59884\/revisions\/59886"}],"wp:featuredmedia":[{"embeddable":true,"href":"https:\/\/lahora.mx\/index.php\/wp-json\/wp\/v2\/media\/59885"}],"wp:attachment":[{"href":"https:\/\/lahora.mx\/index.php\/wp-json\/wp\/v2\/media?parent=59884"}],"wp:term":[{"taxonomy":"category","embeddable":true,"href":"https:\/\/lahora.mx\/index.php\/wp-json\/wp\/v2\/categories?post=59884"},{"taxonomy":"post_tag","embeddable":true,"href":"https:\/\/lahora.mx\/index.php\/wp-json\/wp\/v2\/tags?post=59884"}],"curies":[{"name":"wp","href":"https:\/\/api.w.org\/{rel}","templated":true}]}}