{"id":59881,"date":"2025-03-16T21:41:11","date_gmt":"2025-03-16T21:41:11","guid":{"rendered":"https:\/\/lahora.mx\/?p=59881"},"modified":"2025-03-16T21:41:12","modified_gmt":"2025-03-16T21:41:12","slug":"piden-en-misa-por-descanso-de-victimas-de-rancho-de-teuchitlan-jalisco","status":"publish","type":"post","link":"https:\/\/lahora.mx\/index.php\/2025\/03\/16\/piden-en-misa-por-descanso-de-victimas-de-rancho-de-teuchitlan-jalisco\/","title":{"rendered":"Piden en misa por descanso de v\u00edctimas de rancho de Teuchitl\u00e1n, Jalisco"},"content":{"rendered":"\n<p>En la&nbsp;<strong>misa dominical<\/strong>&nbsp;de la&nbsp;<strong>Arquidi\u00f3cesis de Puebla<\/strong>&nbsp;se pidi\u00f3 por el descanso de las v\u00edctimas del&nbsp;<strong>Rancho Izaguirre en Teuchitl\u00e1n<\/strong>,&nbsp;<strong>Jalisco<\/strong>.<\/p>\n\n\n\n<p>Durante la ceremonia el\u00a0arzobispo auxiliar de Puebla, Francisco Javier Mart\u00ednez Castillo, conden\u00f3 la\u00a0<strong>violencia<\/strong> que se vive en el pa\u00eds y realiz\u00f3 oraci\u00f3n por las v\u00edctimas mortales de este hecho.<\/p>\n\n\n\n<p>\u00abAcu\u00e9rdate tambi\u00e9n de nuestros hermanos que se durmieron en la esperanza de la resurrecci\u00f3n, pedimos por las v\u00edctimas mortales de la violencia en\u00a0<strong>Teuchitl\u00e1n, Jalisco<\/strong>\u00ab, expuso.<br><br>Fue el 5 de marzo cuando el\u00a0colectivo Guerreros Buscadores ocaliz\u00f3 en este\u00a0<strong>racho<\/strong>, que en septiembre de 2024 estaba resguardado por las autoridades, m\u00e1s de\u00a0<strong>400 objetos personales y restos \u00f3seos<\/strong>.<\/p>\n\n\n\n<p>Este hecho ha causado&nbsp;<strong>indignaci\u00f3n a nivel nacional<\/strong>, provocando marchas en distintos estados del pa\u00eds y una&nbsp;<strong>protesta pac\u00edfica&nbsp;<\/strong>en el&nbsp;<strong>Z\u00f3calo<\/strong>&nbsp;de la Ciudad de M\u00e9xico, donde se colocaron velas.<\/p>\n\n\n\n<p>El\u00a0 arzobispo auxiliar\u00a0<strong>Francisco Javier Mart\u00ednez Castillo<\/strong>\u00a0tambi\u00e9n pidi\u00f3 por el descanso de\u00a0<strong>Antonio Romero Abasolo<\/strong>, un\u00a0<strong>taquero<\/strong>que perdi\u00f3 la vida en la\u00a0<strong>Recta a Cholula<\/strong>\u00a0el 8 de marzo.<\/p>\n\n\n\n<p>Asimismo, por&nbsp;<strong>Mario Alberto Leal<\/strong>&nbsp;quien era un&nbsp;<strong>activista en defensa del agua<\/strong>&nbsp;<strong>y tierra&nbsp;<\/strong>en&nbsp;<strong>Ixtacamaxtitl\u00e1n<\/strong>&nbsp;y que fue hallado sin vida en un pozo el pasado 12 de marzo.&nbsp;<\/p>\n","protected":false},"excerpt":{"rendered":"<p>En la&nbsp;misa dominical&nbsp;de la&nbsp;Arquidi\u00f3cesis de Puebla&nbsp;se pidi\u00f3 por el descanso de las v\u00edctimas del&nbsp;Rancho Izaguirre en Teuchitl\u00e1n,&nbsp;Jalisco. Durante la ceremonia el\u00a0arzobispo auxiliar de Puebla, Francisco Javier Mart\u00ednez Castillo, conden\u00f3 la\u00a0violencia que se vive en el pa\u00eds y realiz\u00f3 oraci\u00f3n por las v\u00edctimas mortales de este hecho. \u00abAcu\u00e9rdate tambi\u00e9n de nuestros hermanos que se durmieron en [&hellip;]<\/p>\n","protected":false},"author":4,"featured_media":59882,"comment_status":"open","ping_status":"open","sticky":false,"template":"","format":"standard","meta":{"om_disable_all_campaigns":false,"_monsterinsights_skip_tracking":false,"_monsterinsights_sitenote_active":false,"_monsterinsights_sitenote_note":"","_monsterinsights_sitenote_category":0,"footnotes":""},"categories":[175],"tags":[],"class_list":["post-59881","post","type-post","status-publish","format-standard","has-post-thumbnail","hentry","category-local"],"amp_enabled":true,"_links":{"self":[{"href":"https:\/\/lahora.mx\/index.php\/wp-json\/wp\/v2\/posts\/59881","targetHints":{"allow":["GET"]}}],"collection":[{"href":"https:\/\/lahora.mx\/index.php\/wp-json\/wp\/v2\/posts"}],"about":[{"href":"https:\/\/lahora.mx\/index.php\/wp-json\/wp\/v2\/types\/post"}],"author":[{"embeddable":true,"href":"https:\/\/lahora.mx\/index.php\/wp-json\/wp\/v2\/users\/4"}],"replies":[{"embeddable":true,"href":"https:\/\/lahora.mx\/index.php\/wp-json\/wp\/v2\/comments?post=59881"}],"version-history":[{"count":1,"href":"https:\/\/lahora.mx\/index.php\/wp-json\/wp\/v2\/posts\/59881\/revisions"}],"predecessor-version":[{"id":59883,"href":"https:\/\/lahora.mx\/index.php\/wp-json\/wp\/v2\/posts\/59881\/revisions\/59883"}],"wp:featuredmedia":[{"embeddable":true,"href":"https:\/\/lahora.mx\/index.php\/wp-json\/wp\/v2\/media\/59882"}],"wp:attachment":[{"href":"https:\/\/lahora.mx\/index.php\/wp-json\/wp\/v2\/media?parent=59881"}],"wp:term":[{"taxonomy":"category","embeddable":true,"href":"https:\/\/lahora.mx\/index.php\/wp-json\/wp\/v2\/categories?post=59881"},{"taxonomy":"post_tag","embeddable":true,"href":"https:\/\/lahora.mx\/index.php\/wp-json\/wp\/v2\/tags?post=59881"}],"curies":[{"name":"wp","href":"https:\/\/api.w.org\/{rel}","templated":true}]}}