{"id":59878,"date":"2025-03-16T21:18:49","date_gmt":"2025-03-16T21:18:49","guid":{"rendered":"https:\/\/lahora.mx\/?p=59878"},"modified":"2025-03-16T21:18:49","modified_gmt":"2025-03-16T21:18:49","slug":"caneros-de-atencingo-aseguran-abasto-de-azucar-pese-a-protestas","status":"publish","type":"post","link":"https:\/\/lahora.mx\/index.php\/2025\/03\/16\/caneros-de-atencingo-aseguran-abasto-de-azucar-pese-a-protestas\/","title":{"rendered":"Ca\u00f1eros de Atencingo aseguran abasto de az\u00facar pese a protestas"},"content":{"rendered":"\n<p>Al cumplirse\u00a0<strong>72 horas<\/strong>\u00a0del cierre de las\u00a0<strong>bodegas de 48 ingenios azucareros en el pa\u00eds,\u00a0<\/strong>incluida la de Atencingo<strong>,<\/strong>\u00a0en el municipio de\u00a0<strong>Chietla,<\/strong>\u00a0los\u00a0<strong>empresarios no han mostrado<\/strong>\u00a0disposici\u00f3n para cumplir con la exportaci\u00f3n de cuotas excedentes de az\u00facar, afirm\u00f3\u00a0<strong>F\u00e9lix L\u00e1zaro Bello Garc\u00eda<\/strong>, dirigente de la Uni\u00f3n Local de Productores de Ca\u00f1a de Az\u00facar (ULPCA).<\/p>\n\n\n\n<p>Explic\u00f3 que esta medida, iniciada el<strong>&nbsp;jueves 13 de marzo&nbsp;<\/strong>en los quince estados donde se cultiva ca\u00f1a de az\u00facar, busca generar un impacto positivo en la agroindustria ca\u00f1era. \u201cNosotros no provocamos los problemas, y es lo que menos deseamos\u201d, asegur\u00f3.<\/p>\n\n\n\n<p>El\u00a0<strong>cierre de las bodegas se mantendr\u00e1 de forma indefinida<\/strong>\u00a0hasta que los empresarios presenten documentaci\u00f3n que garantice el cumplimiento de la exportaci\u00f3n de excedentes. Mientras tanto, los productores\u00a0<strong>mantienen vigilancia\u00a0<\/strong>en las instalaciones, con el respaldo de la Confederaci\u00f3n Nacional de Propietarios Rurales en el ingenio de Atencingo.<br><strong>Javier S\u00e1nchez Ch\u00e1vez, dirigente de la Uni\u00f3n Nacional de Productores de Ca\u00f1a de Az\u00facar (UNPCA),<\/strong>\u00a0se\u00f1al\u00f3 que para el ciclo azucarero 2024-2025 los<strong>\u00a0empresarios se comprometieron a exportar 380 mil toneladas de az\u00facar\u00a0<\/strong>al mercado estadounidense y 600 mil al mercado mundial.<br><br>Sin embargo, hasta el momento, no se han enviado las cuotas pactadas. Adem\u00e1s, el gobierno mexicano permiti\u00f3 la importaci\u00f3n de&nbsp;<strong>750 mil toneladas de az\u00facar,<\/strong>&nbsp;pese a que el pa\u00eds es autosuficiente. Esto ha generado un desequilibrio en los precios y ha afectado a los productores ca\u00f1eros, denunci\u00f3.<\/p>\n\n\n\n<p>A pesar de la situaci\u00f3n, destac\u00f3 que\u00a0<strong>la\u00a0zafra<\/strong><strong>\u00a0avanza sin contratiempos\u00a0<\/strong>y el<strong>\u00a0abasto nacional de az\u00facar est\u00e1 garantizado.\u00a0<\/strong>\u201cHemos sido y seguiremos siendo autosuficientes en producci\u00f3n, sin necesidad de importaciones que solo provocan el abaratamiento del producto en perjuicio del sector ca\u00f1ero\u201d, agreg\u00f3.<br><br>S\u00e1nchez Ch\u00e1vez no descart\u00f3 una manifestaci\u00f3n frente a la\u00a0<strong>Secretar\u00eda de Econom\u00eda (SE) en la Ciudad de M\u00e9xico\u00a0<\/strong>para exigir su intervenci\u00f3n y evitar el ingreso de m\u00e1s az\u00facar extranjera.<\/p>\n\n\n\n<p>\u201cEl 14 de diciembre de 2024 se notific\u00f3 a la SE sobre este problema, pero no intervino y permiti\u00f3 que creciera. En los pr\u00f3ximos d\u00edas analizaremos la posibilidad de<strong>&nbsp;manifestarnos para que el gobierno defina su postura&nbsp;<\/strong>y detenga el da\u00f1o al campo ca\u00f1ero, que ya ha enfrentado esta crisis por dos zafras consecutivas\u201d, advirti\u00f3.&nbsp;<\/p>\n","protected":false},"excerpt":{"rendered":"<p>Al cumplirse\u00a072 horas\u00a0del cierre de las\u00a0bodegas de 48 ingenios azucareros en el pa\u00eds,\u00a0incluida la de Atencingo,\u00a0en el municipio de\u00a0Chietla,\u00a0los\u00a0empresarios no han mostrado\u00a0disposici\u00f3n para cumplir con la exportaci\u00f3n de cuotas excedentes de az\u00facar, afirm\u00f3\u00a0F\u00e9lix L\u00e1zaro Bello Garc\u00eda, dirigente de la Uni\u00f3n Local de Productores de Ca\u00f1a de Az\u00facar (ULPCA). Explic\u00f3 que esta medida, iniciada el&nbsp;jueves 13 [&hellip;]<\/p>\n","protected":false},"author":4,"featured_media":59879,"comment_status":"open","ping_status":"open","sticky":false,"template":"","format":"standard","meta":{"om_disable_all_campaigns":false,"_monsterinsights_skip_tracking":false,"_monsterinsights_sitenote_active":false,"_monsterinsights_sitenote_note":"","_monsterinsights_sitenote_category":0,"footnotes":""},"categories":[176],"tags":[],"class_list":["post-59878","post","type-post","status-publish","format-standard","has-post-thumbnail","hentry","category-nacional"],"amp_enabled":true,"_links":{"self":[{"href":"https:\/\/lahora.mx\/index.php\/wp-json\/wp\/v2\/posts\/59878","targetHints":{"allow":["GET"]}}],"collection":[{"href":"https:\/\/lahora.mx\/index.php\/wp-json\/wp\/v2\/posts"}],"about":[{"href":"https:\/\/lahora.mx\/index.php\/wp-json\/wp\/v2\/types\/post"}],"author":[{"embeddable":true,"href":"https:\/\/lahora.mx\/index.php\/wp-json\/wp\/v2\/users\/4"}],"replies":[{"embeddable":true,"href":"https:\/\/lahora.mx\/index.php\/wp-json\/wp\/v2\/comments?post=59878"}],"version-history":[{"count":1,"href":"https:\/\/lahora.mx\/index.php\/wp-json\/wp\/v2\/posts\/59878\/revisions"}],"predecessor-version":[{"id":59880,"href":"https:\/\/lahora.mx\/index.php\/wp-json\/wp\/v2\/posts\/59878\/revisions\/59880"}],"wp:featuredmedia":[{"embeddable":true,"href":"https:\/\/lahora.mx\/index.php\/wp-json\/wp\/v2\/media\/59879"}],"wp:attachment":[{"href":"https:\/\/lahora.mx\/index.php\/wp-json\/wp\/v2\/media?parent=59878"}],"wp:term":[{"taxonomy":"category","embeddable":true,"href":"https:\/\/lahora.mx\/index.php\/wp-json\/wp\/v2\/categories?post=59878"},{"taxonomy":"post_tag","embeddable":true,"href":"https:\/\/lahora.mx\/index.php\/wp-json\/wp\/v2\/tags?post=59878"}],"curies":[{"name":"wp","href":"https:\/\/api.w.org\/{rel}","templated":true}]}}