{"id":59869,"date":"2025-03-16T20:49:53","date_gmt":"2025-03-16T20:49:53","guid":{"rendered":"https:\/\/lahora.mx\/?p=59869"},"modified":"2025-03-16T20:49:54","modified_gmt":"2025-03-16T20:49:54","slug":"roban-iglesia-de-tecamachalco","status":"publish","type":"post","link":"https:\/\/lahora.mx\/index.php\/2025\/03\/16\/roban-iglesia-de-tecamachalco\/","title":{"rendered":"Roban iglesia de Tecamachalco"},"content":{"rendered":"\n<p>La madrugada del s\u00e1bado\u00a0<strong>15 de marzo<\/strong>\u00a0de 2025, sujetos desconocidos ingresaron a la\u00a0iglesia \u00a0del barrio de\u00a0<strong>San Sebasti\u00e1n,\u00a0<\/strong>en el municipio de\u00a0<strong>Tecamachalco<\/strong>, y sustrajeron\u00a0<strong>equipo de audio,\u00a0<\/strong>una plancha y una cantidad a\u00fan no determinada de\u00a0<strong>dinero<\/strong>\u00a0en efectivo, inform\u00f3 el encargado del\u00a0<strong>santuario de San Sebasti\u00e1n M\u00e1rtir.\u00a0<\/strong><\/p>\n\n\n\n<p>De acuerdo con el reporte de la Direcci\u00f3n de Seguridad Ciudadana, los responsables accedieron al recinto tras&nbsp;<strong>cortar tres barrotes<\/strong>&nbsp;de una ventana. Al percatarse del robo, el encargado del templo notific\u00f3 de inmediato a las autoridades y rindi\u00f3 su declaraci\u00f3n correspondiente.<\/p>\n\n\n\n<p>Elementos de la Polic\u00eda Municipal acudieron al lugar para realizar las primeras diligencias e iniciar la investigaci\u00f3n. Cabe destacar que este no es el primer incidente de este tipo en el templo, ya que aproximadamente&nbsp;<strong>hace un a\u00f1o tambi\u00e9n fue v\u00edctima de un robo<\/strong>&nbsp;en el que se sustrajeron objetos de valor.<\/p>\n\n\n\n<p>El barrio de San Sebasti\u00e1n es identificado como una zona con altos \u00edndices de\u00a0inseguridad, con constantes\u00a0<strong>asaltos y robos\u00a0<\/strong>desde 2008, seg\u00fan estad\u00edsticas oficiales.<br>Las autoridades exhortaron a la ciudadan\u00eda a proporcionar cualquier informaci\u00f3n que ayude a identificar y ubicar a los responsables del\u00a0<strong>delito<\/strong>.<\/p>\n","protected":false},"excerpt":{"rendered":"<p>La madrugada del s\u00e1bado\u00a015 de marzo\u00a0de 2025, sujetos desconocidos ingresaron a la\u00a0iglesia \u00a0del barrio de\u00a0San Sebasti\u00e1n,\u00a0en el municipio de\u00a0Tecamachalco, y sustrajeron\u00a0equipo de audio,\u00a0una plancha y una cantidad a\u00fan no determinada de\u00a0dinero\u00a0en efectivo, inform\u00f3 el encargado del\u00a0santuario de San Sebasti\u00e1n M\u00e1rtir.\u00a0 De acuerdo con el reporte de la Direcci\u00f3n de Seguridad Ciudadana, los responsables accedieron al [&hellip;]<\/p>\n","protected":false},"author":4,"featured_media":59870,"comment_status":"open","ping_status":"open","sticky":false,"template":"","format":"standard","meta":{"om_disable_all_campaigns":false,"_monsterinsights_skip_tracking":false,"_monsterinsights_sitenote_active":false,"_monsterinsights_sitenote_note":"","_monsterinsights_sitenote_category":0,"footnotes":""},"categories":[175,226],"tags":[223],"class_list":["post-59869","post","type-post","status-publish","format-standard","has-post-thumbnail","hentry","category-local","category-policia","tag-puebla"],"amp_enabled":true,"_links":{"self":[{"href":"https:\/\/lahora.mx\/index.php\/wp-json\/wp\/v2\/posts\/59869","targetHints":{"allow":["GET"]}}],"collection":[{"href":"https:\/\/lahora.mx\/index.php\/wp-json\/wp\/v2\/posts"}],"about":[{"href":"https:\/\/lahora.mx\/index.php\/wp-json\/wp\/v2\/types\/post"}],"author":[{"embeddable":true,"href":"https:\/\/lahora.mx\/index.php\/wp-json\/wp\/v2\/users\/4"}],"replies":[{"embeddable":true,"href":"https:\/\/lahora.mx\/index.php\/wp-json\/wp\/v2\/comments?post=59869"}],"version-history":[{"count":1,"href":"https:\/\/lahora.mx\/index.php\/wp-json\/wp\/v2\/posts\/59869\/revisions"}],"predecessor-version":[{"id":59871,"href":"https:\/\/lahora.mx\/index.php\/wp-json\/wp\/v2\/posts\/59869\/revisions\/59871"}],"wp:featuredmedia":[{"embeddable":true,"href":"https:\/\/lahora.mx\/index.php\/wp-json\/wp\/v2\/media\/59870"}],"wp:attachment":[{"href":"https:\/\/lahora.mx\/index.php\/wp-json\/wp\/v2\/media?parent=59869"}],"wp:term":[{"taxonomy":"category","embeddable":true,"href":"https:\/\/lahora.mx\/index.php\/wp-json\/wp\/v2\/categories?post=59869"},{"taxonomy":"post_tag","embeddable":true,"href":"https:\/\/lahora.mx\/index.php\/wp-json\/wp\/v2\/tags?post=59869"}],"curies":[{"name":"wp","href":"https:\/\/api.w.org\/{rel}","templated":true}]}}