{"id":59866,"date":"2025-03-16T20:19:32","date_gmt":"2025-03-16T20:19:32","guid":{"rendered":"https:\/\/lahora.mx\/?p=59866"},"modified":"2025-03-16T20:19:33","modified_gmt":"2025-03-16T20:19:33","slug":"gobierno-no-intervendra-en-paro-estudiantil-asegura-el-gobernador-alejandro-armenta","status":"publish","type":"post","link":"https:\/\/lahora.mx\/index.php\/2025\/03\/16\/gobierno-no-intervendra-en-paro-estudiantil-asegura-el-gobernador-alejandro-armenta\/","title":{"rendered":"Gobierno no intervendr\u00e1 en paro estudiantil, asegura el gobernador Alejandro Armenta"},"content":{"rendered":"\n<p>El&nbsp;<strong>gobernador Alejandro Armenta Mier<\/strong>&nbsp;asegur\u00f3 que su administraci\u00f3n no intervendr\u00e1 en el&nbsp;<strong>paro estudiantil<\/strong>&nbsp;que mantiene cerrada la&nbsp;<strong>Benem\u00e9rita Universidad Aut\u00f3noma de Puebla<\/strong>&nbsp;(BUAP).<\/p>\n\n\n\n<p>Sin embargo, pidi\u00f3 a las autoridades correspondientes investigar la posible injerencia de\u00a0<strong>Antorcha Campesina\u00a0<\/strong>en el conflicto universitario.<\/p>\n\n\n\n<p>El mandatario tambi\u00e9n neg\u00f3 que el\u00a0<strong>gobierno estatal<\/strong>\u00a0tenga la intenci\u00f3n de solicitar\u00a0<strong>\u00f3rdenes de aprehensi\u00f3n<\/strong>\u00a0contra integrantes de la organizaci\u00f3n antorchista, que en los \u00faltimos d\u00edas se\u00f1al\u00f3 como uno de los\u00a0<strong>actores intelectuales<\/strong>\u00a0detr\u00e1s de las\u00a0<strong>protestas estudiantiles<\/strong>.<br>\u201cNosotros no vamos a violar el&nbsp;<strong>derecho de manifestaci\u00f3n<\/strong>&nbsp;ni a caer en represi\u00f3n. Respetamos la&nbsp;<strong>autonom\u00eda de la BUAP<\/strong>&nbsp;y a su comunidad universitaria, pero tambi\u00e9n es importante que se esclarezca qui\u00e9nes est\u00e1n interviniendo en este movimiento\u201d, expres\u00f3.<\/p>\n\n\n\n<h2 class=\"wp-block-heading\"><strong>Insiste en injerencia de Antorcha Campesina<\/strong><\/h2>\n\n\n\n<p>Armenta Mier insisti\u00f3 en que existen\u00a0<strong>indicios<\/strong>\u00a0de la\u00a0<strong>participaci\u00f3n de Antorcha Campesina\u00a0<\/strong>dentro del\u00a0movimiento estudiantil y consider\u00f3 que su papel en la crisis universitaria debe ser analizado a fondo.<\/p>\n\n\n\n<p>\u201cLo digo contundentemente:\u00a0<strong>Antorcha Campesina tiene intereses en la BUAP<\/strong>. Lo digo con respeto y de manera clara, pero le pregunto a Antorcha: \u00bfNo tienen suficiente trabajo con todas las gasolineras que operan en el pa\u00eds?\u201d, cuestion\u00f3 el gobernador.<br>\u201cNuestra responsabilidad es\u00a0<strong>garantizar el derecho a la educaci\u00f3n<\/strong><strong>y la seguridad<\/strong>\u00a0de los estudiantes, pero no podemos imponer decisiones en una instituci\u00f3n aut\u00f3noma. Si la BUAP \u00a0requiere apoyo para resolver el conflicto, estaremos dispuestos a\u00a0<strong>ayudar dentro del marco legal<\/strong>\u201d, afirm\u00f3.<\/p>\n\n\n\n<p>Armenta Mier tambi\u00e9n enfatiz\u00f3 que cualquier acci\u00f3n que vulnere el&nbsp;<strong>derecho de los estudiantes<\/strong>&nbsp;a recibir educaci\u00f3n constituye una&nbsp;<strong>violaci\u00f3n al art\u00edculo sexto constitucional<\/strong>, por lo que inst\u00f3 a las&nbsp;<strong>autoridades judiciales<\/strong>&nbsp;y fiscales a investigar los hechos con apego a la legalidad.&nbsp;<\/p>\n","protected":false},"excerpt":{"rendered":"<p>El&nbsp;gobernador Alejandro Armenta Mier&nbsp;asegur\u00f3 que su administraci\u00f3n no intervendr\u00e1 en el&nbsp;paro estudiantil&nbsp;que mantiene cerrada la&nbsp;Benem\u00e9rita Universidad Aut\u00f3noma de Puebla&nbsp;(BUAP). Sin embargo, pidi\u00f3 a las autoridades correspondientes investigar la posible injerencia de\u00a0Antorcha Campesina\u00a0en el conflicto universitario. El mandatario tambi\u00e9n neg\u00f3 que el\u00a0gobierno estatal\u00a0tenga la intenci\u00f3n de solicitar\u00a0\u00f3rdenes de aprehensi\u00f3n\u00a0contra integrantes de la organizaci\u00f3n antorchista, que en [&hellip;]<\/p>\n","protected":false},"author":4,"featured_media":59867,"comment_status":"open","ping_status":"open","sticky":false,"template":"","format":"standard","meta":{"om_disable_all_campaigns":false,"_monsterinsights_skip_tracking":false,"_monsterinsights_sitenote_active":false,"_monsterinsights_sitenote_note":"","_monsterinsights_sitenote_category":0,"footnotes":""},"categories":[175],"tags":[239,195,223],"class_list":["post-59866","post","type-post","status-publish","format-standard","has-post-thumbnail","hentry","category-local","tag-gobierno","tag-principal","tag-puebla"],"amp_enabled":true,"_links":{"self":[{"href":"https:\/\/lahora.mx\/index.php\/wp-json\/wp\/v2\/posts\/59866","targetHints":{"allow":["GET"]}}],"collection":[{"href":"https:\/\/lahora.mx\/index.php\/wp-json\/wp\/v2\/posts"}],"about":[{"href":"https:\/\/lahora.mx\/index.php\/wp-json\/wp\/v2\/types\/post"}],"author":[{"embeddable":true,"href":"https:\/\/lahora.mx\/index.php\/wp-json\/wp\/v2\/users\/4"}],"replies":[{"embeddable":true,"href":"https:\/\/lahora.mx\/index.php\/wp-json\/wp\/v2\/comments?post=59866"}],"version-history":[{"count":1,"href":"https:\/\/lahora.mx\/index.php\/wp-json\/wp\/v2\/posts\/59866\/revisions"}],"predecessor-version":[{"id":59868,"href":"https:\/\/lahora.mx\/index.php\/wp-json\/wp\/v2\/posts\/59866\/revisions\/59868"}],"wp:featuredmedia":[{"embeddable":true,"href":"https:\/\/lahora.mx\/index.php\/wp-json\/wp\/v2\/media\/59867"}],"wp:attachment":[{"href":"https:\/\/lahora.mx\/index.php\/wp-json\/wp\/v2\/media?parent=59866"}],"wp:term":[{"taxonomy":"category","embeddable":true,"href":"https:\/\/lahora.mx\/index.php\/wp-json\/wp\/v2\/categories?post=59866"},{"taxonomy":"post_tag","embeddable":true,"href":"https:\/\/lahora.mx\/index.php\/wp-json\/wp\/v2\/tags?post=59866"}],"curies":[{"name":"wp","href":"https:\/\/api.w.org\/{rel}","templated":true}]}}