{"id":59863,"date":"2025-03-16T20:13:43","date_gmt":"2025-03-16T20:13:43","guid":{"rendered":"https:\/\/lahora.mx\/?p=59863"},"modified":"2025-03-16T20:13:43","modified_gmt":"2025-03-16T20:13:43","slug":"productores-de-tehuacan-requieren-mas-agua-por-altas-temperaturas","status":"publish","type":"post","link":"https:\/\/lahora.mx\/index.php\/2025\/03\/16\/productores-de-tehuacan-requieren-mas-agua-por-altas-temperaturas\/","title":{"rendered":"Productores de Tehuac\u00e1n requieren m\u00e1s agua por altas temperaturas"},"content":{"rendered":"\n<p>Los<strong>\u00a0productores agr\u00edcolas de Tehuac\u00e1n\u00a0<\/strong>ya resienten el impacto de las altas temperaturas, por lo que necesitan\u00a0<strong>m\u00e1s de seis riegos<\/strong>para sus cultivos, principalmente de ma\u00edz. Conf\u00edan en que las lluvias no se retrasen este a\u00f1o.<\/p>\n\n\n\n<p><strong>Miguel \u00c1ngel Carrera Casta\u00f1eda,<\/strong>&nbsp;miembro de la&nbsp;<strong>Confederaci\u00f3n Nacional Campesina (CNC)<\/strong>, inform\u00f3 que desde hace dos semanas comenzaron a percibir el aumento de temperatura, lo que incrementa la demanda de agua para lograr cosechas en tiempo y forma.<\/p>\n\n\n\n<p>Debido a esto, los agricultores requieren al menos dos o tres<strong>riegos<\/strong>&nbsp;adicionales con agua de pozo, cuyo costo oscila entre&nbsp;<strong>500 y mil 500 pesos por hora<\/strong>. Este riego extra es fundamental para el cultivo de ma\u00edz, que necesita mayor cantidad de agua para garantizar su calidad.<\/p>\n\n\n\n<p>Actualmente, en la junta auxiliar de\u00a0<strong>Magdalena Cuayucatepec,<\/strong>en Tehuac\u00e1n, hay\u00a0<strong>300 hect\u00e1reas de ma\u00edz sembradas,\u00a0<\/strong>las cuales requieren riego abundante para su \u00f3ptimo desarrollo.<br>Carrera Casta\u00f1eda explic\u00f3 que el agua adicional proviene exclusivamente de pozos, ya que el suministro proveniente de la presa de Valsequillo solo permite tres riegos. La distribuci\u00f3n de esta agua&nbsp;<strong>comenzar\u00e1 el 5 de abril.<\/strong><\/p>\n\n\n\n<p>Por \u00faltimo, destac\u00f3 que, adem\u00e1s del agua de pozo y la proveniente de la presa, los productores<strong>\u00a0dependen de las lluvias<\/strong>. Sin embargo, temen que este a\u00f1o puedan retrasarse, lo que afectar\u00eda la producci\u00f3n agr\u00edcola.<br><\/p>\n","protected":false},"excerpt":{"rendered":"<p>Los\u00a0productores agr\u00edcolas de Tehuac\u00e1n\u00a0ya resienten el impacto de las altas temperaturas, por lo que necesitan\u00a0m\u00e1s de seis riegospara sus cultivos, principalmente de ma\u00edz. Conf\u00edan en que las lluvias no se retrasen este a\u00f1o. Miguel \u00c1ngel Carrera Casta\u00f1eda,&nbsp;miembro de la&nbsp;Confederaci\u00f3n Nacional Campesina (CNC), inform\u00f3 que desde hace dos semanas comenzaron a percibir el aumento de temperatura, [&hellip;]<\/p>\n","protected":false},"author":4,"featured_media":59864,"comment_status":"open","ping_status":"open","sticky":false,"template":"","format":"standard","meta":{"om_disable_all_campaigns":false,"_monsterinsights_skip_tracking":false,"_monsterinsights_sitenote_active":false,"_monsterinsights_sitenote_note":"","_monsterinsights_sitenote_category":0,"footnotes":""},"categories":[175],"tags":[223],"class_list":["post-59863","post","type-post","status-publish","format-standard","has-post-thumbnail","hentry","category-local","tag-puebla"],"amp_enabled":true,"_links":{"self":[{"href":"https:\/\/lahora.mx\/index.php\/wp-json\/wp\/v2\/posts\/59863","targetHints":{"allow":["GET"]}}],"collection":[{"href":"https:\/\/lahora.mx\/index.php\/wp-json\/wp\/v2\/posts"}],"about":[{"href":"https:\/\/lahora.mx\/index.php\/wp-json\/wp\/v2\/types\/post"}],"author":[{"embeddable":true,"href":"https:\/\/lahora.mx\/index.php\/wp-json\/wp\/v2\/users\/4"}],"replies":[{"embeddable":true,"href":"https:\/\/lahora.mx\/index.php\/wp-json\/wp\/v2\/comments?post=59863"}],"version-history":[{"count":1,"href":"https:\/\/lahora.mx\/index.php\/wp-json\/wp\/v2\/posts\/59863\/revisions"}],"predecessor-version":[{"id":59865,"href":"https:\/\/lahora.mx\/index.php\/wp-json\/wp\/v2\/posts\/59863\/revisions\/59865"}],"wp:featuredmedia":[{"embeddable":true,"href":"https:\/\/lahora.mx\/index.php\/wp-json\/wp\/v2\/media\/59864"}],"wp:attachment":[{"href":"https:\/\/lahora.mx\/index.php\/wp-json\/wp\/v2\/media?parent=59863"}],"wp:term":[{"taxonomy":"category","embeddable":true,"href":"https:\/\/lahora.mx\/index.php\/wp-json\/wp\/v2\/categories?post=59863"},{"taxonomy":"post_tag","embeddable":true,"href":"https:\/\/lahora.mx\/index.php\/wp-json\/wp\/v2\/tags?post=59863"}],"curies":[{"name":"wp","href":"https:\/\/api.w.org\/{rel}","templated":true}]}}