{"id":59859,"date":"2025-03-16T17:32:41","date_gmt":"2025-03-16T17:32:41","guid":{"rendered":"https:\/\/lahora.mx\/?p=59859"},"modified":"2025-03-16T17:32:42","modified_gmt":"2025-03-16T17:32:42","slug":"ante-la-atencion-inmediata-de-incendios-los-provocados-tendran-penas-severas","status":"publish","type":"post","link":"https:\/\/lahora.mx\/index.php\/2025\/03\/16\/ante-la-atencion-inmediata-de-incendios-los-provocados-tendran-penas-severas\/","title":{"rendered":"Ante la atenci\u00f3n inmediata de incendios, los provocados tendr\u00e1n penas severas"},"content":{"rendered":"\n<p>El Gobierno del Estado que encabeza Alejandro Armenta informa que, quien provoque un da\u00f1o ambiental y afecte flora, fauna o cualquier recurso natural, ya sea mediante incendio, explosi\u00f3n o inundaci\u00f3n, ser\u00e1 sancionado con severidad, con penas que van de 1 a 10 a\u00f1os de prisi\u00f3n y con multas de entre 30 y 300 unidades de medida.<\/p>\n\n\n\n<p>\u201c7 de cada 10 incendios de los \u00faltimos 15 d\u00edas han sido provocados, entonces no vamos a aceptar un chantaje o que nos cierren una calle o una carretera porque se detenga a un delincuente forestal o a un ecocida que est\u00e1 provocando incendios, ya sea para aprovechar la madera o para utilizar terrenos que son reserva ecol\u00f3gica para proyectos inmobiliarios\u201d, afirm\u00f3 el mandatario estatal.<\/p>\n\n\n\n<p>Hay que dejar en claro que el ecocidio es un acto il\u00edcito que se comete con la intenci\u00f3n de causar da\u00f1os graves al medio ambiente y que, por lo tanto, es considerado como un crimen contra la humanidad y el ambiente, que debe incluirse en las agendas ambientales a nivel nacional e internacional.<\/p>\n\n\n\n<p>Aunque el delito de ecocidio no se encuentra espec\u00edficamente tipificado en el C\u00f3digo Penal del Estado de Puebla, s\u00ed se puede considerar un da\u00f1o ambiental que afecta a los recursos naturales de la entidad, de ah\u00ed que ser\u00e1n aplicados estos castigos a quien incurra en estas conductas ilegales.<\/p>\n\n\n\n<p>La administraci\u00f3n del Gobernador Alejandro Armenta hace un llamado a las y los poblanos para que denuncien a aquellas personas que sean detectadas da\u00f1ando pastizales, bosques o a seres sintientes, ya sea en ambientes naturales, rurales o urbanos; as\u00ed como a proteger los entornos de todas y todas.<\/p>\n","protected":false},"excerpt":{"rendered":"<p>El Gobierno del Estado que encabeza Alejandro Armenta informa que, quien provoque un da\u00f1o ambiental y afecte flora, fauna o cualquier recurso natural, ya sea mediante incendio, explosi\u00f3n o inundaci\u00f3n, ser\u00e1 sancionado con severidad, con penas que van de 1 a 10 a\u00f1os de prisi\u00f3n y con multas de entre 30 y 300 unidades de [&hellip;]<\/p>\n","protected":false},"author":4,"featured_media":59860,"comment_status":"open","ping_status":"open","sticky":false,"template":"","format":"standard","meta":{"om_disable_all_campaigns":false,"_monsterinsights_skip_tracking":false,"_monsterinsights_sitenote_active":false,"_monsterinsights_sitenote_note":"","_monsterinsights_sitenote_category":0,"footnotes":""},"categories":[175],"tags":[239,223],"class_list":["post-59859","post","type-post","status-publish","format-standard","has-post-thumbnail","hentry","category-local","tag-gobierno","tag-puebla"],"amp_enabled":true,"_links":{"self":[{"href":"https:\/\/lahora.mx\/index.php\/wp-json\/wp\/v2\/posts\/59859","targetHints":{"allow":["GET"]}}],"collection":[{"href":"https:\/\/lahora.mx\/index.php\/wp-json\/wp\/v2\/posts"}],"about":[{"href":"https:\/\/lahora.mx\/index.php\/wp-json\/wp\/v2\/types\/post"}],"author":[{"embeddable":true,"href":"https:\/\/lahora.mx\/index.php\/wp-json\/wp\/v2\/users\/4"}],"replies":[{"embeddable":true,"href":"https:\/\/lahora.mx\/index.php\/wp-json\/wp\/v2\/comments?post=59859"}],"version-history":[{"count":1,"href":"https:\/\/lahora.mx\/index.php\/wp-json\/wp\/v2\/posts\/59859\/revisions"}],"predecessor-version":[{"id":59861,"href":"https:\/\/lahora.mx\/index.php\/wp-json\/wp\/v2\/posts\/59859\/revisions\/59861"}],"wp:featuredmedia":[{"embeddable":true,"href":"https:\/\/lahora.mx\/index.php\/wp-json\/wp\/v2\/media\/59860"}],"wp:attachment":[{"href":"https:\/\/lahora.mx\/index.php\/wp-json\/wp\/v2\/media?parent=59859"}],"wp:term":[{"taxonomy":"category","embeddable":true,"href":"https:\/\/lahora.mx\/index.php\/wp-json\/wp\/v2\/categories?post=59859"},{"taxonomy":"post_tag","embeddable":true,"href":"https:\/\/lahora.mx\/index.php\/wp-json\/wp\/v2\/tags?post=59859"}],"curies":[{"name":"wp","href":"https:\/\/api.w.org\/{rel}","templated":true}]}}