{"id":59856,"date":"2025-03-16T16:44:36","date_gmt":"2025-03-16T16:44:36","guid":{"rendered":"https:\/\/lahora.mx\/?p=59856"},"modified":"2025-03-16T16:44:37","modified_gmt":"2025-03-16T16:44:37","slug":"colectivos-se-unen-a-duelo-por-victimas-de-teuchitlan","status":"publish","type":"post","link":"https:\/\/lahora.mx\/index.php\/2025\/03\/16\/colectivos-se-unen-a-duelo-por-victimas-de-teuchitlan\/","title":{"rendered":"Colectivos se unen a duelo por v\u00edctimas de Teuchitl\u00e1n"},"content":{"rendered":"\n<p>Integrantes del colectivo\u00a0<strong>La Voz de los Desaparecidos<\/strong>, activistas y\u00a0<strong>familias poblanas<\/strong>\u00a0se reunieron en el\u00a0<strong>Z\u00f3calo de Puebla<\/strong>\u00a0para participar en una\u00a0<strong>jornada nacional de duelo<\/strong>\u00a0por las\u00a0<strong>v\u00edctimas\u00a0<\/strong>del crematorio de\u00a0Teuchitl\u00e1n Jalisco.<\/p>\n\n\n\n<p>A nivel nacional fueron organizadas distintas\u00a0<strong>movilizaciones<\/strong>\u00a0de repudio al hallazgo del\u00a0crematorio en el Rancho Izaguirre\u00a0donde fueron encontrados restos humanos e indicios de\u00a0<strong>actividades delictivas<\/strong>\u00a0y que eran utilizadas por el C\u00e1rtel Jalisco Nueva Generaci\u00f3n (<strong>CJNG<\/strong>).<\/p>\n\n\n\n<p>En distintas estados, como la\u00a0Ciudad de M\u00e9xico<strong>, Jalisco<\/strong>, Quer\u00e9taro y Oaxaca, tuvo lugar esta\u00a0<strong>jornada nacional de duelo<\/strong>que dio inicio a las 17:00 horas de este\u00a0<strong>s\u00e1bado<\/strong>.<br>Colocando\u00a0<strong>velas sobre zapatos vac\u00edos<\/strong>\u00a0junto a la\u00a0<strong>Fuente de San Miguel<\/strong>, los activistas buscaron representar a las\u00a0personas desaparecidas y recordar su memoria y vida, en tanto que algunos tomaron la palabra para expresar su\u00a0<strong>consternaci\u00f3n<\/strong>\u00a0ante la falta de acci\u00f3n del Estado para\u00a0<strong>apoyar a las familias<\/strong>.<\/p>\n\n\n\n<p>Para algunos, la ocasi\u00f3n fue propicia para recordar casos de\u00a0desapariciones y masacres\u00a0ocurridas dentro del propio\u00a0<strong>Puebla<\/strong>como en\u00a0<strong>Huehuetl\u00e1n El Chico<\/strong>, ocurridas durante gobiernos como el del fallecido\u00a0<strong>Rafael Moreno Valle Rosas<\/strong>.<\/p>\n\n\n\n<p>Entre quienes estuvieron presentes se encontr\u00f3 la l\u00edder del colectivo\u00a0<strong>Voz de los Desaparecidos en Puebla<\/strong>,\u00a0<strong>Mar\u00eda Luisa N\u00fa\u00f1ez Barojas<\/strong>, lament\u00f3 que\u00a0<strong>b\u00fasquedas<\/strong>\u00a0como la realizada en\u00a0<strong>Jalisco<\/strong>\u00a0no concluyan con la aparici\u00f3n con vida de sus familiares, sino con\u00a0<strong>descubrimientos de esta naturaleza<\/strong>.<br>Cabe mencionar que, en\u00a0<strong>homenaje a las v\u00edctimas<\/strong>, un mariachi femenil interpret\u00f3 distintos temas para conmemorar sus vidas.\u00a0<\/p>\n","protected":false},"excerpt":{"rendered":"<p>Integrantes del colectivo\u00a0La Voz de los Desaparecidos, activistas y\u00a0familias poblanas\u00a0se reunieron en el\u00a0Z\u00f3calo de Puebla\u00a0para participar en una\u00a0jornada nacional de duelo\u00a0por las\u00a0v\u00edctimas\u00a0del crematorio de\u00a0Teuchitl\u00e1n Jalisco. A nivel nacional fueron organizadas distintas\u00a0movilizaciones\u00a0de repudio al hallazgo del\u00a0crematorio en el Rancho Izaguirre\u00a0donde fueron encontrados restos humanos e indicios de\u00a0actividades delictivas\u00a0y que eran utilizadas por el C\u00e1rtel Jalisco Nueva [&hellip;]<\/p>\n","protected":false},"author":4,"featured_media":59857,"comment_status":"open","ping_status":"open","sticky":false,"template":"","format":"standard","meta":{"om_disable_all_campaigns":false,"_monsterinsights_skip_tracking":false,"_monsterinsights_sitenote_active":false,"_monsterinsights_sitenote_note":"","_monsterinsights_sitenote_category":0,"footnotes":""},"categories":[176],"tags":[223],"class_list":["post-59856","post","type-post","status-publish","format-standard","has-post-thumbnail","hentry","category-nacional","tag-puebla"],"amp_enabled":true,"_links":{"self":[{"href":"https:\/\/lahora.mx\/index.php\/wp-json\/wp\/v2\/posts\/59856","targetHints":{"allow":["GET"]}}],"collection":[{"href":"https:\/\/lahora.mx\/index.php\/wp-json\/wp\/v2\/posts"}],"about":[{"href":"https:\/\/lahora.mx\/index.php\/wp-json\/wp\/v2\/types\/post"}],"author":[{"embeddable":true,"href":"https:\/\/lahora.mx\/index.php\/wp-json\/wp\/v2\/users\/4"}],"replies":[{"embeddable":true,"href":"https:\/\/lahora.mx\/index.php\/wp-json\/wp\/v2\/comments?post=59856"}],"version-history":[{"count":1,"href":"https:\/\/lahora.mx\/index.php\/wp-json\/wp\/v2\/posts\/59856\/revisions"}],"predecessor-version":[{"id":59858,"href":"https:\/\/lahora.mx\/index.php\/wp-json\/wp\/v2\/posts\/59856\/revisions\/59858"}],"wp:featuredmedia":[{"embeddable":true,"href":"https:\/\/lahora.mx\/index.php\/wp-json\/wp\/v2\/media\/59857"}],"wp:attachment":[{"href":"https:\/\/lahora.mx\/index.php\/wp-json\/wp\/v2\/media?parent=59856"}],"wp:term":[{"taxonomy":"category","embeddable":true,"href":"https:\/\/lahora.mx\/index.php\/wp-json\/wp\/v2\/categories?post=59856"},{"taxonomy":"post_tag","embeddable":true,"href":"https:\/\/lahora.mx\/index.php\/wp-json\/wp\/v2\/tags?post=59856"}],"curies":[{"name":"wp","href":"https:\/\/api.w.org\/{rel}","templated":true}]}}