{"id":59853,"date":"2025-03-15T17:19:09","date_gmt":"2025-03-15T17:19:09","guid":{"rendered":"https:\/\/lahora.mx\/?p=59853"},"modified":"2025-03-15T17:19:09","modified_gmt":"2025-03-15T17:19:09","slug":"gobierno-y-fiscalia-general-actuaran-con-todo-rigor-contra-quienes-provoquen-incendios","status":"publish","type":"post","link":"https:\/\/lahora.mx\/index.php\/2025\/03\/15\/gobierno-y-fiscalia-general-actuaran-con-todo-rigor-contra-quienes-provoquen-incendios\/","title":{"rendered":"Gobierno y Fiscal\u00eda General actuar\u00e1n con todo rigor contra quienes provoquen incendios"},"content":{"rendered":"\n<p>El gobernador Alejandro Armenta inform\u00f3 que en coordinaci\u00f3n con la Fiscal\u00eda General del Estado se actuar\u00e1 con rigor en contra de quienes atenten contra el medio ambiente y cometan ecocidio.<\/p>\n\n\n\n<p>\u201cTienen intereses ajenos a Puebla y debo decirles que vamos a actuar ya en contra de quienes est\u00e1n provocando los incendios. Afortunadamente no ha habido incendios que duran m\u00e1s de 24 horas o dos d\u00edas; a veces en el mismo d\u00eda se apagan los incendios, se sofocan\u201d, asegur\u00f3.<\/p>\n\n\n\n<p>El mandatario estatal reiter\u00f3 que hay voluntad plena y no hay dilaci\u00f3n por parte de la Guardia forestal y la Polic\u00eda Forestal.<\/p>\n\n\n\n<p>Cabe destacar que con apoyo de sistemas tecnol\u00f3gicos, combatientes forestales liquidaron 66 conflagraciones en 29 municipios de la entidad, de acuerdo a informaci\u00f3n del Centro Estatal de Manejo del fuego, al subrayar que las eventualidades han sido atendidas de manera r\u00e1pida para evitar mayores da\u00f1os al ecosistema.<\/p>\n\n\n\n<p>De acuerdo con la estad\u00edstica del 14 de diciembre al 14 de marzo de 2025, 37% de los incendios fueron causados de manera intencional y 44% por actividad agropecuaria, entre los principales motivos.<\/p>\n\n\n\n<p>En estos incendios han sido da\u00f1adas 468 hect\u00e1reas y los municipios con mayor superficie afectada son Tlachichuca, Cohetzala y Chiconcuautla, con 120, 80 y 40 hect\u00e1reas respectivamente.<\/p>\n","protected":false},"excerpt":{"rendered":"<p>El gobernador Alejandro Armenta inform\u00f3 que en coordinaci\u00f3n con la Fiscal\u00eda General del Estado se actuar\u00e1 con rigor en contra de quienes atenten contra el medio ambiente y cometan ecocidio. \u201cTienen intereses ajenos a Puebla y debo decirles que vamos a actuar ya en contra de quienes est\u00e1n provocando los incendios. Afortunadamente no ha habido [&hellip;]<\/p>\n","protected":false},"author":4,"featured_media":59854,"comment_status":"open","ping_status":"open","sticky":false,"template":"","format":"standard","meta":{"om_disable_all_campaigns":false,"_monsterinsights_skip_tracking":false,"_monsterinsights_sitenote_active":false,"_monsterinsights_sitenote_note":"","_monsterinsights_sitenote_category":0,"footnotes":""},"categories":[175],"tags":[239,195,223],"class_list":["post-59853","post","type-post","status-publish","format-standard","has-post-thumbnail","hentry","category-local","tag-gobierno","tag-principal","tag-puebla"],"amp_enabled":true,"_links":{"self":[{"href":"https:\/\/lahora.mx\/index.php\/wp-json\/wp\/v2\/posts\/59853","targetHints":{"allow":["GET"]}}],"collection":[{"href":"https:\/\/lahora.mx\/index.php\/wp-json\/wp\/v2\/posts"}],"about":[{"href":"https:\/\/lahora.mx\/index.php\/wp-json\/wp\/v2\/types\/post"}],"author":[{"embeddable":true,"href":"https:\/\/lahora.mx\/index.php\/wp-json\/wp\/v2\/users\/4"}],"replies":[{"embeddable":true,"href":"https:\/\/lahora.mx\/index.php\/wp-json\/wp\/v2\/comments?post=59853"}],"version-history":[{"count":1,"href":"https:\/\/lahora.mx\/index.php\/wp-json\/wp\/v2\/posts\/59853\/revisions"}],"predecessor-version":[{"id":59855,"href":"https:\/\/lahora.mx\/index.php\/wp-json\/wp\/v2\/posts\/59853\/revisions\/59855"}],"wp:featuredmedia":[{"embeddable":true,"href":"https:\/\/lahora.mx\/index.php\/wp-json\/wp\/v2\/media\/59854"}],"wp:attachment":[{"href":"https:\/\/lahora.mx\/index.php\/wp-json\/wp\/v2\/media?parent=59853"}],"wp:term":[{"taxonomy":"category","embeddable":true,"href":"https:\/\/lahora.mx\/index.php\/wp-json\/wp\/v2\/categories?post=59853"},{"taxonomy":"post_tag","embeddable":true,"href":"https:\/\/lahora.mx\/index.php\/wp-json\/wp\/v2\/tags?post=59853"}],"curies":[{"name":"wp","href":"https:\/\/api.w.org\/{rel}","templated":true}]}}