{"id":59849,"date":"2025-03-15T02:00:31","date_gmt":"2025-03-15T02:00:31","guid":{"rendered":"https:\/\/lahora.mx\/?p=59849"},"modified":"2025-03-15T02:00:31","modified_gmt":"2025-03-15T02:00:31","slug":"chedraui-destinara-154-3-mdp-para-el-puente-la-panga","status":"publish","type":"post","link":"https:\/\/lahora.mx\/index.php\/2025\/03\/15\/chedraui-destinara-154-3-mdp-para-el-puente-la-panga\/","title":{"rendered":"Chedraui destinar\u00e1 154.3 MDP para el puente La Panga"},"content":{"rendered":"\n<p>El gobierno de la ciudad de Puebla, a cargo de Jos\u00e9 (Pepe) Chedraui, destinar\u00e1\u00a0<strong>154 millones 350 mil 64<\/strong>\u00a0<strong>pesos\u00a0<\/strong>para la construcci\u00f3n del\u00a0<strong>puente vehicular La Panga<\/strong>, en la\u00a0<strong>junta auxiliar de San Baltazar Tetela<\/strong>.<\/p>\n\n\n\n<p>En sesi\u00f3n de Cabildo este 14 de marzo de 2025, los regidores aprobaron que el Gobierno del Estado descuente este monto de las participaciones federales, para concretar la obra.<\/p>\n\n\n\n<p>La retenci\u00f3n de las participaciones solo se aplicar\u00e1 si el Ayuntamientode Puebla\u00a0incumple con el pago que le corresponde de la construcci\u00f3n, pues este proyecto se realizar\u00e1 en conjunto con el Gobierno del Estado.<\/p>\n\n\n\n<p>En caso de que el gobierno de Chedraui incumpla con la aportaci\u00f3n de recursos para la obra, la Secretar\u00eda de Planeaci\u00f3n, Finanzas y Administraci\u00f3n realizar\u00e1 descuentos a las participaciones por ingresos federales.<br>Esta obra es un compromiso de campa\u00f1a del alcalde y el gobernador<strong>\u00a0Alejandro Armenta<\/strong>, para conectar las juntas auxiliares de\u00a0<strong>San Baltazar Tetela<\/strong>\u00a0con\u00a0<strong>San Pedro Zacachimalpa<\/strong>, al sur de la ciudad.<\/p>\n\n\n\n<p>Se breve que la inversi\u00f3n total del megaproyecto ascienda a<strong>\u00a0300 millones de pesos<\/strong>, al ser una inversi\u00f3n conjunta entre la Comuna capitalina y el gobierno del estado.<br><br>Pepe Chedraui destinar\u00e1 154.3 MDP para el puente La Panga, \u00bfc\u00f3mo va la reforma judicial de Alejandro Armenta?<\/p>\n\n\n\n<p>El otro punto de la sesi\u00f3n, el cuerpo edilicio aval\u00f3 con 29 votos a favor y cinco en contra la reforma constitucional del gobernador&nbsp;<strong>Alejandro Arment<\/strong>a, para la elecci\u00f3n de jueces y magistrados locales por voto directo.<\/p>\n\n\n\n<p>La regidora del pan Guadalupe arru barrena reclam\u00f3 que esa enmienda a la Carta Magna poblana replica la cuestionada reforma judicial que impuls\u00f3 el expresidente&nbsp;<strong>Andr\u00e9s Manuel L\u00f3pez Obrador<\/strong>&nbsp;y fue avalada por el Congreso de La Uni\u00f3n.<\/p>\n\n\n\n<p>El morenista&nbsp;<strong>Gabriel Biestro<\/strong>&nbsp;defendi\u00f3 que es necesaria la elecci\u00f3n de jueces pues acus\u00f3 que en Puebla hay casos en los que se designa a magistrados como favores del gobernador en turno.<\/p>\n","protected":false},"excerpt":{"rendered":"<p>El gobierno de la ciudad de Puebla, a cargo de Jos\u00e9 (Pepe) Chedraui, destinar\u00e1\u00a0154 millones 350 mil 64\u00a0pesos\u00a0para la construcci\u00f3n del\u00a0puente vehicular La Panga, en la\u00a0junta auxiliar de San Baltazar Tetela. En sesi\u00f3n de Cabildo este 14 de marzo de 2025, los regidores aprobaron que el Gobierno del Estado descuente este monto de las participaciones [&hellip;]<\/p>\n","protected":false},"author":4,"featured_media":59850,"comment_status":"open","ping_status":"open","sticky":false,"template":"","format":"standard","meta":{"om_disable_all_campaigns":false,"_monsterinsights_skip_tracking":false,"_monsterinsights_sitenote_active":false,"_monsterinsights_sitenote_note":"","_monsterinsights_sitenote_category":0,"footnotes":""},"categories":[175],"tags":[223],"class_list":["post-59849","post","type-post","status-publish","format-standard","has-post-thumbnail","hentry","category-local","tag-puebla"],"amp_enabled":true,"_links":{"self":[{"href":"https:\/\/lahora.mx\/index.php\/wp-json\/wp\/v2\/posts\/59849","targetHints":{"allow":["GET"]}}],"collection":[{"href":"https:\/\/lahora.mx\/index.php\/wp-json\/wp\/v2\/posts"}],"about":[{"href":"https:\/\/lahora.mx\/index.php\/wp-json\/wp\/v2\/types\/post"}],"author":[{"embeddable":true,"href":"https:\/\/lahora.mx\/index.php\/wp-json\/wp\/v2\/users\/4"}],"replies":[{"embeddable":true,"href":"https:\/\/lahora.mx\/index.php\/wp-json\/wp\/v2\/comments?post=59849"}],"version-history":[{"count":1,"href":"https:\/\/lahora.mx\/index.php\/wp-json\/wp\/v2\/posts\/59849\/revisions"}],"predecessor-version":[{"id":59851,"href":"https:\/\/lahora.mx\/index.php\/wp-json\/wp\/v2\/posts\/59849\/revisions\/59851"}],"wp:featuredmedia":[{"embeddable":true,"href":"https:\/\/lahora.mx\/index.php\/wp-json\/wp\/v2\/media\/59850"}],"wp:attachment":[{"href":"https:\/\/lahora.mx\/index.php\/wp-json\/wp\/v2\/media?parent=59849"}],"wp:term":[{"taxonomy":"category","embeddable":true,"href":"https:\/\/lahora.mx\/index.php\/wp-json\/wp\/v2\/categories?post=59849"},{"taxonomy":"post_tag","embeddable":true,"href":"https:\/\/lahora.mx\/index.php\/wp-json\/wp\/v2\/tags?post=59849"}],"curies":[{"name":"wp","href":"https:\/\/api.w.org\/{rel}","templated":true}]}}