{"id":59846,"date":"2025-03-15T01:56:59","date_gmt":"2025-03-15T01:56:59","guid":{"rendered":"https:\/\/lahora.mx\/?p=59846"},"modified":"2025-03-15T01:57:00","modified_gmt":"2025-03-15T01:57:00","slug":"lleva-pepe-chedraui-la-jornada-de-mujeres-imparables-al-paseo-bravo","status":"publish","type":"post","link":"https:\/\/lahora.mx\/index.php\/2025\/03\/15\/lleva-pepe-chedraui-la-jornada-de-mujeres-imparables-al-paseo-bravo\/","title":{"rendered":"Lleva Pepe Chedraui la Jornada de Mujeres Imparables al Paseo Bravo"},"content":{"rendered":"\n<p>Con el objetivo de seguir apoyando a las mujeres para fortalecer su econom\u00eda y fomentar el autocuidado de su salud, el Gobierno de la Ciudad llev\u00f3 a cabo la Jornada de Mujeres Imparables en el Paseo Bravo.&nbsp;<strong>Este mes como parte de las actividades por el D\u00eda de la Mujer.<\/strong><\/p>\n\n\n\n<p>La jornada, a cargo de la Secretar\u00eda para la Igualdad Sustantiva de G\u00e9nero, cont\u00f3 con diferentes actividades como talleres de defensa personal, bordado como herramienta de memoria, gesti\u00f3n menstrual, servicios de asesor\u00edas psicol\u00f3gicas y jur\u00eddicas gratuitas, as\u00ed como una exposici\u00f3n fotogr\u00e1fica.<\/p>\n\n\n\n<p>El presidente municipal, Pepe Chedraui Budib, destac\u00f3 la importancia de generar pol\u00edticas p\u00fablicas a favor de este sector de la sociedad y, para ello, resalt\u00f3 que es necesario trabajar coordinadamente entre los tres \u00f3rdenes de gobierno y con la visi\u00f3n de la presidenta de la rep\u00fablica, Claudia Sheinbaum, y del gobernador, Alejandro Armenta, de que las mujeres cada vez deben de ocupar m\u00e1s cargos p\u00fablicos y privados.<\/p>\n\n\n\n<blockquote class=\"wp-block-quote is-layout-flow wp-block-quote-is-layout-flow\">\n<p>\u201cPor eso, no ponerse limites, esforzarse y sacarlo a delante. Que cuenten perfectamente bien con el municipio de Puebla para poder apoyarlas, para poder impulsarlas y que sepan perfectamente bien que somos un municipio que queremos crear activos, que queremos que creen ustedes sus propios negocios para que puedan ser independientes, independientes econ\u00f3micamente, tambi\u00e9n, por supuesto\u201d, agreg\u00f3.<\/p>\n<\/blockquote>\n\n\n\n<p>Por su parte, la titular de la Secretar\u00eda para la Igualdad Sustantiva de G\u00e9nero, Zaira Gonz\u00e1lez G\u00f3mez, afirm\u00f3 que hay mucho trabajo por realizar a favor de las mujeres; as\u00ed como por el respeto de sus derechos b\u00e1sicos, como a la salud, educaci\u00f3n y el acceso a una vida libre de violencia. Desde la administraci\u00f3n municipal generan los espacios y acciones para conseguir todo esto.<\/p>\n\n\n\n<p>Mientras que la diputada federal, Nora Merino Escamilla, reconoci\u00f3 el trabajo del Gobierno de la Ciudad por y para las mujeres, pues asegur\u00f3 que el presidente municipal est\u00e1 comprometido con las causas sociales.<\/p>\n\n\n\n<p>En el evento se cont\u00f3 con la asistencia de regidoras del Ayuntamiento de Puebla, as\u00ed como las representantes de diferentes dependencias y organismos de la administraci\u00f3n municipal.<\/p>\n","protected":false},"excerpt":{"rendered":"<p>Con el objetivo de seguir apoyando a las mujeres para fortalecer su econom\u00eda y fomentar el autocuidado de su salud, el Gobierno de la Ciudad llev\u00f3 a cabo la Jornada de Mujeres Imparables en el Paseo Bravo.&nbsp;Este mes como parte de las actividades por el D\u00eda de la Mujer. La jornada, a cargo de la [&hellip;]<\/p>\n","protected":false},"author":4,"featured_media":59847,"comment_status":"open","ping_status":"open","sticky":false,"template":"","format":"standard","meta":{"om_disable_all_campaigns":false,"_monsterinsights_skip_tracking":false,"_monsterinsights_sitenote_active":false,"_monsterinsights_sitenote_note":"","_monsterinsights_sitenote_category":0,"footnotes":""},"categories":[175],"tags":[223],"class_list":["post-59846","post","type-post","status-publish","format-standard","has-post-thumbnail","hentry","category-local","tag-puebla"],"amp_enabled":true,"_links":{"self":[{"href":"https:\/\/lahora.mx\/index.php\/wp-json\/wp\/v2\/posts\/59846","targetHints":{"allow":["GET"]}}],"collection":[{"href":"https:\/\/lahora.mx\/index.php\/wp-json\/wp\/v2\/posts"}],"about":[{"href":"https:\/\/lahora.mx\/index.php\/wp-json\/wp\/v2\/types\/post"}],"author":[{"embeddable":true,"href":"https:\/\/lahora.mx\/index.php\/wp-json\/wp\/v2\/users\/4"}],"replies":[{"embeddable":true,"href":"https:\/\/lahora.mx\/index.php\/wp-json\/wp\/v2\/comments?post=59846"}],"version-history":[{"count":1,"href":"https:\/\/lahora.mx\/index.php\/wp-json\/wp\/v2\/posts\/59846\/revisions"}],"predecessor-version":[{"id":59848,"href":"https:\/\/lahora.mx\/index.php\/wp-json\/wp\/v2\/posts\/59846\/revisions\/59848"}],"wp:featuredmedia":[{"embeddable":true,"href":"https:\/\/lahora.mx\/index.php\/wp-json\/wp\/v2\/media\/59847"}],"wp:attachment":[{"href":"https:\/\/lahora.mx\/index.php\/wp-json\/wp\/v2\/media?parent=59846"}],"wp:term":[{"taxonomy":"category","embeddable":true,"href":"https:\/\/lahora.mx\/index.php\/wp-json\/wp\/v2\/categories?post=59846"},{"taxonomy":"post_tag","embeddable":true,"href":"https:\/\/lahora.mx\/index.php\/wp-json\/wp\/v2\/tags?post=59846"}],"curies":[{"name":"wp","href":"https:\/\/api.w.org\/{rel}","templated":true}]}}