{"id":59843,"date":"2025-03-15T01:55:43","date_gmt":"2025-03-15T01:55:43","guid":{"rendered":"https:\/\/lahora.mx\/?p=59843"},"modified":"2025-03-15T01:55:44","modified_gmt":"2025-03-15T01:55:44","slug":"anuncia-tonantzin-fernandez-que-el-proximo-16-de-marzo-tomara-protesta-el-nuevo-presidente-de-momoxpan","status":"publish","type":"post","link":"https:\/\/lahora.mx\/index.php\/2025\/03\/15\/anuncia-tonantzin-fernandez-que-el-proximo-16-de-marzo-tomara-protesta-el-nuevo-presidente-de-momoxpan\/","title":{"rendered":"Anuncia Tonantzin Fern\u00e1ndez que el pr\u00f3ximo 16 de marzo tomar\u00e1 protesta el nuevo presidente de Momoxpan"},"content":{"rendered":"\n<p>Tras el plebiscito extraordinario en la junta auxiliar de Santiago Momoxpan, la presidenta municipal de San Pedro Cholula, Tonantzin Fern\u00e1ndez D\u00edaz anunci\u00f3 que el pr\u00f3ximo 16 de marzo, ser\u00e1 la toma de protesta de Jos\u00e9 Antonio Zu\u00f1iga, como nuevo edil auxiliar.<br>\u201cEl pr\u00f3ximo domingo, despu\u00e9s de los plebiscitos extraordinarios que se dieron en Momoxpan, ser\u00e1 la toma de protesta del candidato ganador, en este caso es el doctor, Z\u00fa\u00f1iga, fue quien gan\u00f3. La toma de protesta ser\u00e1 ante cabildo, para que \u00e9l pueda ser el presidente auxiliar\u201d, destac\u00f3.<br>A la par, aclar\u00f3 que el Concejo Municipal Auxiliar presidido por Marisol Saloma Flores que se instal\u00f3 en la junta auxiliar m\u00e1s grande de San Pedro Cholula, mientras se llevaba a cabo el plebiscito extraordinario, dejar\u00e1 de funcionar, a partir del domingo.<br>Destac\u00f3 que no existe ninguna impugnaci\u00f3n en contra del resultado en Momoxpan, por lo que el pr\u00f3ximo 16 de marzo, el doctor Jos\u00e9 Antonio Zu\u00f1iga tomar\u00e1 protesta ante las y los integrantes del Cabildo.<br>Finalmente, subray\u00f3 que el doctor Zu\u00f1iga como los otros 12 presidentes auxiliares, tienen el apoyo de la alcaldesa municipal; incluso ya se instal\u00f3 una mesa de trabajo para acordar lo que\u00a0se\u00a0trabajar\u00e1.<\/p>\n","protected":false},"excerpt":{"rendered":"<p>Tras el plebiscito extraordinario en la junta auxiliar de Santiago Momoxpan, la presidenta municipal de San Pedro Cholula, Tonantzin Fern\u00e1ndez D\u00edaz anunci\u00f3 que el pr\u00f3ximo 16 de marzo, ser\u00e1 la toma de protesta de Jos\u00e9 Antonio Zu\u00f1iga, como nuevo edil auxiliar.\u201cEl pr\u00f3ximo domingo, despu\u00e9s de los plebiscitos extraordinarios que se dieron en Momoxpan, ser\u00e1 la [&hellip;]<\/p>\n","protected":false},"author":4,"featured_media":59844,"comment_status":"open","ping_status":"open","sticky":false,"template":"","format":"standard","meta":{"om_disable_all_campaigns":false,"_monsterinsights_skip_tracking":false,"_monsterinsights_sitenote_active":false,"_monsterinsights_sitenote_note":"","_monsterinsights_sitenote_category":0,"footnotes":""},"categories":[175],"tags":[234,223],"class_list":["post-59843","post","type-post","status-publish","format-standard","has-post-thumbnail","hentry","category-local","tag-cholula","tag-puebla"],"amp_enabled":true,"_links":{"self":[{"href":"https:\/\/lahora.mx\/index.php\/wp-json\/wp\/v2\/posts\/59843","targetHints":{"allow":["GET"]}}],"collection":[{"href":"https:\/\/lahora.mx\/index.php\/wp-json\/wp\/v2\/posts"}],"about":[{"href":"https:\/\/lahora.mx\/index.php\/wp-json\/wp\/v2\/types\/post"}],"author":[{"embeddable":true,"href":"https:\/\/lahora.mx\/index.php\/wp-json\/wp\/v2\/users\/4"}],"replies":[{"embeddable":true,"href":"https:\/\/lahora.mx\/index.php\/wp-json\/wp\/v2\/comments?post=59843"}],"version-history":[{"count":1,"href":"https:\/\/lahora.mx\/index.php\/wp-json\/wp\/v2\/posts\/59843\/revisions"}],"predecessor-version":[{"id":59845,"href":"https:\/\/lahora.mx\/index.php\/wp-json\/wp\/v2\/posts\/59843\/revisions\/59845"}],"wp:featuredmedia":[{"embeddable":true,"href":"https:\/\/lahora.mx\/index.php\/wp-json\/wp\/v2\/media\/59844"}],"wp:attachment":[{"href":"https:\/\/lahora.mx\/index.php\/wp-json\/wp\/v2\/media?parent=59843"}],"wp:term":[{"taxonomy":"category","embeddable":true,"href":"https:\/\/lahora.mx\/index.php\/wp-json\/wp\/v2\/categories?post=59843"},{"taxonomy":"post_tag","embeddable":true,"href":"https:\/\/lahora.mx\/index.php\/wp-json\/wp\/v2\/tags?post=59843"}],"curies":[{"name":"wp","href":"https:\/\/api.w.org\/{rel}","templated":true}]}}