{"id":59840,"date":"2025-03-15T01:52:31","date_gmt":"2025-03-15T01:52:31","guid":{"rendered":"https:\/\/lahora.mx\/?p=59840"},"modified":"2025-03-15T01:52:32","modified_gmt":"2025-03-15T01:52:32","slug":"san-pedro-cholula-contara-con-una-zona-segura-para-refugio-de-la-mujer-maltratada","status":"publish","type":"post","link":"https:\/\/lahora.mx\/index.php\/2025\/03\/15\/san-pedro-cholula-contara-con-una-zona-segura-para-refugio-de-la-mujer-maltratada\/","title":{"rendered":"San Pedro Cholula contar\u00e1 con una zona segura para refugio de la mujer maltratada\u00a0"},"content":{"rendered":"\n<p>La\u00a0<strong>Casa Carmen Serd\u00e1n de San Pedro\u00a0Cholula\u00a0contar\u00e1 con una zona segura para dar refugio a mujeres v\u00edctimas de violencia familiar.<\/strong><br>Dicho espacio tambi\u00e9n dar\u00e1&nbsp;<strong>protecci\u00f3n a menores de edad que junto con sus progenitoras sufren este delito.<\/strong><\/p>\n\n\n\n<p>Al respecto, la presidenta municipal\u00a0<strong>de San Pedro Cholula, Tonantzin<\/strong>\u00a0<strong>Fern\u00e1ndez D\u00edaz,<\/strong>\u00a0mencion\u00f3 que este espacio, del cual en fechas pr\u00f3ximas se dar\u00e1 a\u00a0conocer su ubicaci\u00f3n,\u00a0<strong>contar\u00e1 con servicios integrales para la poblaci\u00f3n femenina.<\/strong><a href=\"https:\/\/oem.com.mx\/elsoldepuebla\/local\/que-se-conmemora-el-8-de-marzo-22043755\"><a href=\"https:\/\/oem.com.mx\/elsoldepuebla\/local\/que-se-conmemora-el-8-de-marzo-22043755\"><\/p>\n\n\n\n<p>Desde&nbsp;<strong>asesor\u00edas psicol\u00f3gicas y jur\u00eddicas<\/strong>, hasta la zona del&nbsp;<strong>albergue<\/strong>, ser\u00e1n algunos de los apoyos oficiales.<\/p>\n\n\n\n<p>Por lo que, dijo que&nbsp;<strong>en pr\u00f3ximas fechas presentar\u00e1 a detalle el funcionamiento de este nuevo espacio<\/strong>que est\u00e1 en v\u00edas de adaptaci\u00f3n, luego de&nbsp;<strong>que el gobierno del estado incluyera al municipio en este proyecto estatal.<\/strong><\/p>\n\n\n\n<p>Record\u00f3 que en&nbsp;<strong>San Pedro Cholula se atienden casos de violencia familiar, principalmente contra la mujer.<\/strong><\/p>\n\n\n\n<p>Por ello, la intenci\u00f3n es\u00a0<strong>sumarse al trabajo que realiza el gobernador de Puebla, Alejandro Armenta Mier, en apoyo de las v\u00edctimas<\/strong>\u00a0a fin de ofrecerles otra alternativa de vida.\u00a0<br>Mencion\u00f3 que&nbsp;<strong>la Casa Carmen Serd\u00e1n ser\u00e1 un espacio que atender\u00e1 casos de violencia familiar.<\/strong><\/p>\n\n\n\n<p>Es importante decir que algunas voces ciudadanas indican que&nbsp;<strong>este nuevo inmueble ser\u00e1 adaptado en las actuales oficinas del DIF<\/strong>&nbsp;que est\u00e1 en el&nbsp;<strong>barrio de Jes\u00fas Tlatempa de la cabecera local.&nbsp;<\/strong><\/p>\n","protected":false},"excerpt":{"rendered":"<p>La\u00a0Casa Carmen Serd\u00e1n de San Pedro\u00a0Cholula\u00a0contar\u00e1 con una zona segura para dar refugio a mujeres v\u00edctimas de violencia familiar.Dicho espacio tambi\u00e9n dar\u00e1&nbsp;protecci\u00f3n a menores de edad que junto con sus progenitoras sufren este delito. Al respecto, la presidenta municipal\u00a0de San Pedro Cholula, Tonantzin\u00a0Fern\u00e1ndez D\u00edaz,\u00a0mencion\u00f3 que este espacio, del cual en fechas pr\u00f3ximas se dar\u00e1 a\u00a0conocer [&hellip;]<\/p>\n","protected":false},"author":4,"featured_media":59841,"comment_status":"open","ping_status":"open","sticky":false,"template":"","format":"standard","meta":{"om_disable_all_campaigns":false,"_monsterinsights_skip_tracking":false,"_monsterinsights_sitenote_active":false,"_monsterinsights_sitenote_note":"","_monsterinsights_sitenote_category":0,"footnotes":""},"categories":[175],"tags":[234,223],"class_list":["post-59840","post","type-post","status-publish","format-standard","has-post-thumbnail","hentry","category-local","tag-cholula","tag-puebla"],"amp_enabled":true,"_links":{"self":[{"href":"https:\/\/lahora.mx\/index.php\/wp-json\/wp\/v2\/posts\/59840","targetHints":{"allow":["GET"]}}],"collection":[{"href":"https:\/\/lahora.mx\/index.php\/wp-json\/wp\/v2\/posts"}],"about":[{"href":"https:\/\/lahora.mx\/index.php\/wp-json\/wp\/v2\/types\/post"}],"author":[{"embeddable":true,"href":"https:\/\/lahora.mx\/index.php\/wp-json\/wp\/v2\/users\/4"}],"replies":[{"embeddable":true,"href":"https:\/\/lahora.mx\/index.php\/wp-json\/wp\/v2\/comments?post=59840"}],"version-history":[{"count":1,"href":"https:\/\/lahora.mx\/index.php\/wp-json\/wp\/v2\/posts\/59840\/revisions"}],"predecessor-version":[{"id":59842,"href":"https:\/\/lahora.mx\/index.php\/wp-json\/wp\/v2\/posts\/59840\/revisions\/59842"}],"wp:featuredmedia":[{"embeddable":true,"href":"https:\/\/lahora.mx\/index.php\/wp-json\/wp\/v2\/media\/59841"}],"wp:attachment":[{"href":"https:\/\/lahora.mx\/index.php\/wp-json\/wp\/v2\/media?parent=59840"}],"wp:term":[{"taxonomy":"category","embeddable":true,"href":"https:\/\/lahora.mx\/index.php\/wp-json\/wp\/v2\/categories?post=59840"},{"taxonomy":"post_tag","embeddable":true,"href":"https:\/\/lahora.mx\/index.php\/wp-json\/wp\/v2\/tags?post=59840"}],"curies":[{"name":"wp","href":"https:\/\/api.w.org\/{rel}","templated":true}]}}