{"id":59834,"date":"2025-03-15T01:08:39","date_gmt":"2025-03-15T01:08:39","guid":{"rendered":"https:\/\/lahora.mx\/?p=59834"},"modified":"2025-03-15T01:08:39","modified_gmt":"2025-03-15T01:08:39","slug":"con-cero-impunidad-puebla-veracruz-y-oaxaca-refuerzan-combate-a-inseguridad","status":"publish","type":"post","link":"https:\/\/lahora.mx\/index.php\/2025\/03\/15\/con-cero-impunidad-puebla-veracruz-y-oaxaca-refuerzan-combate-a-inseguridad\/","title":{"rendered":"Con cero impunidad, Puebla, Veracruz y Oaxaca refuerzan combate a inseguridad"},"content":{"rendered":"\n<p>En un esfuerzo conjunto por garantizar la paz y la seguridad en la regi\u00f3n, los gobiernos de Puebla, Veracruz y Oaxaca reafirmaron su compromiso con el combate a la delincuencia, la coordinaci\u00f3n interinstitucional y la premisa de cero impunidad. Con el respaldo de la Guardia Nacional, la Secretar\u00eda de la Defensa Nacional y la Marina, los tres estados unen acciones para enfrentar los desaf\u00edos en materia de seguridad y justicia.<\/p>\n\n\n\n<p>Este acuerdo representa un paso firme dentro del segundo piso de la Cuarta Transformaci\u00f3n que encabeza la Presidenta Claudia Sheinbaum, una etapa en la que la coordinaci\u00f3n entre niveles de gobierno y el fortalecimiento de las instituciones es clave para la estabilidad del pa\u00eds. En esta alianza, m\u00e1s all\u00e1 de los l\u00edmites territoriales, prevalece un lazo cultural e hist\u00f3rico que une a Puebla, Veracruz y Oaxaca, tres estados que comparten tradiciones, gastronom\u00eda y una identidad que trasciende fronteras, afirm\u00f3 Alejandro Armenta, gobernador de Puebla.<\/p>\n\n\n\n<p>\u201cLa paz en nuestros estados no es negociable. Con la fuerza del Estado mexicano, a trav\u00e9s de sus instituciones y poderes p\u00fablicos, garantizaremos la seguridad de nuestras comunidades\u201d, afirm\u00f3 el mandatario estatal al destacar la importancia de la presencia contundente de las fuerzas federales en el territorio.<\/p>\n\n\n\n<p>Adem\u00e1s de la estrategia de seguridad, este pacto reconoce la conexi\u00f3n profunda entre los pueblos de las tres entidades. Desde la Sierra Norte y Nororiental de Puebla hasta la Mixteca, pasando por las costas y monta\u00f1as de Veracruz y Oaxaca, existe una uni\u00f3n que va m\u00e1s all\u00e1 de la geograf\u00eda. Hermandad que se expresa en el arte, la cultura, la historia y la gastronom\u00eda, que forman un frente com\u00fan no solo contra la violencia, sino tambi\u00e9n en favor del bienestar y el desarrollo.<\/p>\n\n\n\n<p>\u201cEl mensaje es claro: no habr\u00e1 espacio para la impunidad. Los gobiernos estatales, en estrecha coordinaci\u00f3n con la Federaci\u00f3n, actuar\u00e1n con firmeza para garantizar la seguridad de las familias y la tranquilidad en cada comunidad, \u00a1Que viva Veracruz, que viva Oaxaca y que viva Puebla, unidos por la paz y la justicia!\u201d, concluy\u00f3 Alejandro Armenta.<\/p>\n\n\n\n<p>Durante su mensaje, la gobernadora de Veracruz, Roc\u00edo Nahle, destac\u00f3 que en la coordinaci\u00f3n entre los tres gobiernos estatales hay un factor com\u00fan, que hay cero impunidad. \u201cPorque somos nosotros quienes tenemos que garantizar la seguridad de todas y todos, es lo que marcan los principios de la Cuarta Transformaci\u00f3n\u201d.<\/p>\n\n\n\n<p>Enfatiz\u00f3 en que, cuando hay un estado, un gobierno fuerte, preparado, coordinado y unido, los resultados ser\u00e1n positivos. \u201cCon esto cubrimos una de las grandes fronteras que tiene nuestro gran estado de Veracruz. Nos organizamos para que los elementos de seguridad y de procuraci\u00f3n de justicia tengan una estrecha coordinaci\u00f3n y un tr\u00e1nsito fluido entre los l\u00edmites territoriales, siempre de la mano del Gobierno Federal de la presidenta Claudia Sheinbaum\u201d, reafirm\u00f3 la gobernadora Roc\u00edo Nahle.<\/p>\n\n\n\n<p>El gobernador de Oaxaca, Salom\u00f3n Jara, afirm\u00f3 que con este convenio se concreta un paso m\u00e1s en la construcci\u00f3n de una agenda com\u00fan por la justicia y la seguridad de las entidades, haciendo zonas seguras y de paz a las regiones lim\u00edtrofes. \u201cDonde la salvaguarda del estado de derecho sea el pilar de nuestra convivencia, que a lo largo de la historia se ha caracterizado por sus fuertes lazos de fraternidad plena de respeto y valores\u201d.<\/p>\n\n\n\n<p>Hay que destacar que Puebla ha signado convenios previamente con los gobiernos de Oaxaca, Tlaxcala y Morelos.<\/p>\n","protected":false},"excerpt":{"rendered":"<p>En un esfuerzo conjunto por garantizar la paz y la seguridad en la regi\u00f3n, los gobiernos de Puebla, Veracruz y Oaxaca reafirmaron su compromiso con el combate a la delincuencia, la coordinaci\u00f3n interinstitucional y la premisa de cero impunidad. Con el respaldo de la Guardia Nacional, la Secretar\u00eda de la Defensa Nacional y la Marina, [&hellip;]<\/p>\n","protected":false},"author":4,"featured_media":59835,"comment_status":"open","ping_status":"open","sticky":false,"template":"","format":"standard","meta":{"om_disable_all_campaigns":false,"_monsterinsights_skip_tracking":false,"_monsterinsights_sitenote_active":false,"_monsterinsights_sitenote_note":"","_monsterinsights_sitenote_category":0,"footnotes":""},"categories":[175],"tags":[239,195,223],"class_list":["post-59834","post","type-post","status-publish","format-standard","has-post-thumbnail","hentry","category-local","tag-gobierno","tag-principal","tag-puebla"],"amp_enabled":true,"_links":{"self":[{"href":"https:\/\/lahora.mx\/index.php\/wp-json\/wp\/v2\/posts\/59834","targetHints":{"allow":["GET"]}}],"collection":[{"href":"https:\/\/lahora.mx\/index.php\/wp-json\/wp\/v2\/posts"}],"about":[{"href":"https:\/\/lahora.mx\/index.php\/wp-json\/wp\/v2\/types\/post"}],"author":[{"embeddable":true,"href":"https:\/\/lahora.mx\/index.php\/wp-json\/wp\/v2\/users\/4"}],"replies":[{"embeddable":true,"href":"https:\/\/lahora.mx\/index.php\/wp-json\/wp\/v2\/comments?post=59834"}],"version-history":[{"count":1,"href":"https:\/\/lahora.mx\/index.php\/wp-json\/wp\/v2\/posts\/59834\/revisions"}],"predecessor-version":[{"id":59836,"href":"https:\/\/lahora.mx\/index.php\/wp-json\/wp\/v2\/posts\/59834\/revisions\/59836"}],"wp:featuredmedia":[{"embeddable":true,"href":"https:\/\/lahora.mx\/index.php\/wp-json\/wp\/v2\/media\/59835"}],"wp:attachment":[{"href":"https:\/\/lahora.mx\/index.php\/wp-json\/wp\/v2\/media?parent=59834"}],"wp:term":[{"taxonomy":"category","embeddable":true,"href":"https:\/\/lahora.mx\/index.php\/wp-json\/wp\/v2\/categories?post=59834"},{"taxonomy":"post_tag","embeddable":true,"href":"https:\/\/lahora.mx\/index.php\/wp-json\/wp\/v2\/tags?post=59834"}],"curies":[{"name":"wp","href":"https:\/\/api.w.org\/{rel}","templated":true}]}}