{"id":59831,"date":"2025-03-15T01:07:15","date_gmt":"2025-03-15T01:07:15","guid":{"rendered":"https:\/\/lahora.mx\/?p=59831"},"modified":"2025-03-15T01:07:15","modified_gmt":"2025-03-15T01:07:15","slug":"alumnos-de-buap-pese-a-presencia-de-la-rectora-no-entregan-pliegos-petitorios-por-segunda-ocasion","status":"publish","type":"post","link":"https:\/\/lahora.mx\/index.php\/2025\/03\/15\/alumnos-de-buap-pese-a-presencia-de-la-rectora-no-entregan-pliegos-petitorios-por-segunda-ocasion\/","title":{"rendered":"Alumnos de BUAP pese a presencia de la rectora no entregan pliegos petitorios por segunda ocasi\u00f3n"},"content":{"rendered":"\n<p><strong>La rectora Lilia Cedillo de la BUAP<\/strong>, acudi\u00f3 la tarde de este viernes 14 de marzo a&nbsp;<strong>Ciudad Universitaria a una reuni\u00f3n<\/strong>, previamente acordada, con los estudiantes que mantienen tomado el campus; los alumnos se hab\u00edan comprometido a entregar el pliego petitorio definitivo,&nbsp;<strong>pero una vez m\u00e1s incumplieron el acuerdo y el documento no fue presentado.<\/strong><\/p>\n\n\n\n<p>La rectora<strong>&nbsp;Cedillo permaneci\u00f3 por m\u00e1s de 20 minutos en la Puerta 14,<\/strong>&nbsp;en espera de recibir el pliego; sin embargo,<strong>&nbsp;los alumnos en paro que se encontraban dentro de CU comenzaron a re\u00f1ir y a discutir entre ellos,&nbsp;<\/strong>impidiendo la posibilidad de entablar di\u00e1logo.<\/p>\n\n\n\n<p><\/p>\n\n\n\n<p>Antes de\u00a0<strong>la llegada de la rectora,<\/strong>\u00a0un numeroso contingente de estudiantes y personal administrativo<strong>\u00a0se congreg\u00f3 en la Puerta 14\u00a0<\/strong>para manifestar su oposici\u00f3n al paro y para expresar la voluntad de que el campus sea reabierto \u00a0y<strong>\u00a0las actividades universitarias puedan reanudarse.<\/strong><\/p>\n\n\n\n<p><strong>Al grito de \u201c\u00a1No est\u00e1s sola!\u201d el contingente recibi\u00f3 a Lilia Cedillo<\/strong>, quien durante varios minutos aguard\u00f3 a que los estudiantes se presentaran a hacer entrega del pliego.<strong>&nbsp;S\u00f3lo los alumnos de la Facultad de Derecho hicieron entrega del documento<\/strong>&nbsp;con sus demandas; pero del otro lado de las puertas de CU&nbsp;<strong>comenz\u00f3 un enfrentamiento a gritos entre los alumnos.<\/strong><\/p>\n\n\n\n<p><strong>La rectora Cedillo Ram\u00edrez firm\u00f3 de recibido el pliego de la Facultad de Derecho<\/strong>, y ante la ausencia total de una posibilidad de di\u00e1logo se retir\u00f3 del lugar.<\/p>\n\n\n\n<p><strong>Sergio D\u00edaz Carranza,&nbsp;<\/strong>representante de la Comisi\u00f3n Institucional de la BUAP, estuvo tambi\u00e9n presente en el lugar y&nbsp;<strong>reiter\u00f3 que las autoridades universitarias siguen abiertas al di\u00e1logo. Lament\u00f3 que los estudiantes en paro sigan sin ponerse de acuerdo&nbsp;<\/strong>y sigan sin entregar el pliego general definitivo.<\/p>\n","protected":false},"excerpt":{"rendered":"<p>La rectora Lilia Cedillo de la BUAP, acudi\u00f3 la tarde de este viernes 14 de marzo a&nbsp;Ciudad Universitaria a una reuni\u00f3n, previamente acordada, con los estudiantes que mantienen tomado el campus; los alumnos se hab\u00edan comprometido a entregar el pliego petitorio definitivo,&nbsp;pero una vez m\u00e1s incumplieron el acuerdo y el documento no fue presentado. La [&hellip;]<\/p>\n","protected":false},"author":4,"featured_media":59832,"comment_status":"open","ping_status":"open","sticky":false,"template":"","format":"standard","meta":{"om_disable_all_campaigns":false,"_monsterinsights_skip_tracking":false,"_monsterinsights_sitenote_active":false,"_monsterinsights_sitenote_note":"","_monsterinsights_sitenote_category":0,"footnotes":""},"categories":[175],"tags":[186,195,223],"class_list":["post-59831","post","type-post","status-publish","format-standard","has-post-thumbnail","hentry","category-local","tag-buap","tag-principal","tag-puebla"],"amp_enabled":true,"_links":{"self":[{"href":"https:\/\/lahora.mx\/index.php\/wp-json\/wp\/v2\/posts\/59831","targetHints":{"allow":["GET"]}}],"collection":[{"href":"https:\/\/lahora.mx\/index.php\/wp-json\/wp\/v2\/posts"}],"about":[{"href":"https:\/\/lahora.mx\/index.php\/wp-json\/wp\/v2\/types\/post"}],"author":[{"embeddable":true,"href":"https:\/\/lahora.mx\/index.php\/wp-json\/wp\/v2\/users\/4"}],"replies":[{"embeddable":true,"href":"https:\/\/lahora.mx\/index.php\/wp-json\/wp\/v2\/comments?post=59831"}],"version-history":[{"count":1,"href":"https:\/\/lahora.mx\/index.php\/wp-json\/wp\/v2\/posts\/59831\/revisions"}],"predecessor-version":[{"id":59833,"href":"https:\/\/lahora.mx\/index.php\/wp-json\/wp\/v2\/posts\/59831\/revisions\/59833"}],"wp:featuredmedia":[{"embeddable":true,"href":"https:\/\/lahora.mx\/index.php\/wp-json\/wp\/v2\/media\/59832"}],"wp:attachment":[{"href":"https:\/\/lahora.mx\/index.php\/wp-json\/wp\/v2\/media?parent=59831"}],"wp:term":[{"taxonomy":"category","embeddable":true,"href":"https:\/\/lahora.mx\/index.php\/wp-json\/wp\/v2\/categories?post=59831"},{"taxonomy":"post_tag","embeddable":true,"href":"https:\/\/lahora.mx\/index.php\/wp-json\/wp\/v2\/tags?post=59831"}],"curies":[{"name":"wp","href":"https:\/\/api.w.org\/{rel}","templated":true}]}}