{"id":59825,"date":"2025-03-15T01:01:56","date_gmt":"2025-03-15T01:01:56","guid":{"rendered":"https:\/\/lahora.mx\/?p=59825"},"modified":"2025-03-15T01:01:56","modified_gmt":"2025-03-15T01:01:56","slug":"citelum-se-encargara-del-alumbrado-publico-de-puebla-lo-que-resta-de-administracion","status":"publish","type":"post","link":"https:\/\/lahora.mx\/index.php\/2025\/03\/15\/citelum-se-encargara-del-alumbrado-publico-de-puebla-lo-que-resta-de-administracion\/","title":{"rendered":"Citelum se encargar\u00e1 del alumbrado p\u00fablico de Puebla lo que resta de administraci\u00f3n"},"content":{"rendered":"\n<p>La&nbsp;<strong>empresa Citelum M\u00e9xico S.A. de C.V.<\/strong>&nbsp;fue designada como la encargada del&nbsp;<strong>alumbrado en Puebla capital<\/strong>por lo que resta de la administraci\u00f3n municipal.<\/p>\n\n\n\n<p>Sin embargo,\u00a0<strong>se desconoce el monto<\/strong>\u00a0por el cual la empresa fue contratada para dar\u00a0servicio por tres a\u00f1os, pues el secretario de Servicios P\u00fablicos,\u00a0<strong>Clemente G\u00f3mez<\/strong>, no respondi\u00f3 las llamadas que se le hicieron.<\/p>\n\n\n\n<p>No obstante, fuentes al interior del&nbsp;<strong>Ayuntamiento de Puebla<\/strong>confiaron que la empresa fue&nbsp;<strong>designada el 28 de febrero<\/strong>&nbsp;de este a\u00f1o para hacerse cargo del&nbsp;<strong>alumbrado p\u00fablico<\/strong>.<\/p>\n\n\n\n<p>\u00c9sta deber\u00e1 garantizar la\u00a0<strong>modernizaci\u00f3n de 49 mil puntos de luz<\/strong>con\u00a0<strong>tecnolog\u00eda LED<\/strong>, actualizar mil 300 puntos de luz de luminarias con dise\u00f1o y crear\u00a0<strong>3 mil nuevos puntos de luz<\/strong>.<br>Adem\u00e1s, deben garantizar que el\u00a0servicio est\u00e9 activo\u00a0como\u00a0<strong>m\u00ednimo por 20 horas<\/strong>\u00a0al d\u00eda y debe garantizar que sus trabajadores laboren en\u00a0<strong>tres turnos diferentes<\/strong>.<\/p>\n\n\n\n<p><strong>Citelum<\/strong>&nbsp;ya trabaj\u00f3 con la actual administraci\u00f3n, pues se le contrat\u00f3 por&nbsp;<strong>25.3 millones de pesos<\/strong>&nbsp;para que brindara el servicio de&nbsp;<strong>mantenimiento y modernizaci\u00f3n de alumbrado p\u00fablico<\/strong>&nbsp;de octubre a diciembre de 2024, a pesar de que el&nbsp;<strong>secretario de Econom\u00eda<\/strong>&nbsp;del municipio est\u00e1 en el acta constitutiva de la empresa.<\/p>\n\n\n\n<p>El\u00a0Ayuntamiento de Puebla, en su proyecto de egresos, tiene planeado pagar hasta\u00a0<strong>851 millones de pesos<\/strong>\u00a0durante los tres a\u00f1os de gobierno de\u00a0<strong>Jos\u00e9 Chedraui<\/strong>, esto a trav\u00e9s de\u00a0<strong>tres pagos anuales<\/strong>, el primero por 284 millones de pesos, el segundo por 324 millones de pesos y el \u00faltimo por 243 millones de pesos.\u00a0<\/p>\n","protected":false},"excerpt":{"rendered":"<p>La&nbsp;empresa Citelum M\u00e9xico S.A. de C.V.&nbsp;fue designada como la encargada del&nbsp;alumbrado en Puebla capitalpor lo que resta de la administraci\u00f3n municipal. Sin embargo,\u00a0se desconoce el monto\u00a0por el cual la empresa fue contratada para dar\u00a0servicio por tres a\u00f1os, pues el secretario de Servicios P\u00fablicos,\u00a0Clemente G\u00f3mez, no respondi\u00f3 las llamadas que se le hicieron. No obstante, fuentes [&hellip;]<\/p>\n","protected":false},"author":4,"featured_media":59826,"comment_status":"open","ping_status":"open","sticky":false,"template":"","format":"standard","meta":{"om_disable_all_campaigns":false,"_monsterinsights_skip_tracking":false,"_monsterinsights_sitenote_active":false,"_monsterinsights_sitenote_note":"","_monsterinsights_sitenote_category":0,"footnotes":""},"categories":[175],"tags":[223],"class_list":["post-59825","post","type-post","status-publish","format-standard","has-post-thumbnail","hentry","category-local","tag-puebla"],"amp_enabled":true,"_links":{"self":[{"href":"https:\/\/lahora.mx\/index.php\/wp-json\/wp\/v2\/posts\/59825","targetHints":{"allow":["GET"]}}],"collection":[{"href":"https:\/\/lahora.mx\/index.php\/wp-json\/wp\/v2\/posts"}],"about":[{"href":"https:\/\/lahora.mx\/index.php\/wp-json\/wp\/v2\/types\/post"}],"author":[{"embeddable":true,"href":"https:\/\/lahora.mx\/index.php\/wp-json\/wp\/v2\/users\/4"}],"replies":[{"embeddable":true,"href":"https:\/\/lahora.mx\/index.php\/wp-json\/wp\/v2\/comments?post=59825"}],"version-history":[{"count":1,"href":"https:\/\/lahora.mx\/index.php\/wp-json\/wp\/v2\/posts\/59825\/revisions"}],"predecessor-version":[{"id":59827,"href":"https:\/\/lahora.mx\/index.php\/wp-json\/wp\/v2\/posts\/59825\/revisions\/59827"}],"wp:featuredmedia":[{"embeddable":true,"href":"https:\/\/lahora.mx\/index.php\/wp-json\/wp\/v2\/media\/59826"}],"wp:attachment":[{"href":"https:\/\/lahora.mx\/index.php\/wp-json\/wp\/v2\/media?parent=59825"}],"wp:term":[{"taxonomy":"category","embeddable":true,"href":"https:\/\/lahora.mx\/index.php\/wp-json\/wp\/v2\/categories?post=59825"},{"taxonomy":"post_tag","embeddable":true,"href":"https:\/\/lahora.mx\/index.php\/wp-json\/wp\/v2\/tags?post=59825"}],"curies":[{"name":"wp","href":"https:\/\/api.w.org\/{rel}","templated":true}]}}