{"id":59820,"date":"2025-03-15T00:59:12","date_gmt":"2025-03-15T00:59:12","guid":{"rendered":"https:\/\/lahora.mx\/?p=59820"},"modified":"2025-03-15T00:59:49","modified_gmt":"2025-03-15T00:59:49","slug":"llega-domo-de-calor-derretira-puebla-con-temperaturas-de-hasta-40-c","status":"publish","type":"post","link":"https:\/\/lahora.mx\/index.php\/2025\/03\/15\/llega-domo-de-calor-derretira-puebla-con-temperaturas-de-hasta-40-c\/","title":{"rendered":"Puebla registrara temperaturas de hasta 40 \u00b0C"},"content":{"rendered":"\n<p>Con la\u00a0llegada de la primavera dejamos atr\u00e1s los\u00a0<strong>fr\u00edos extremos que tanto acurrucaron a la poblaci\u00f3n<\/strong>, las temperaturas fueron poco a poco en aumento y se espera que\u00a0<strong>M\u00e9xico viva una ola de calor extremo este 2025<\/strong>.<\/p>\n\n\n\n<p>La\u00a0<strong>Comisi\u00f3n Nacional de Agua (CONAGUA)<\/strong>\u00a0explic\u00f3 que ser\u00e1n v<strong>arios los estados en los que este\u00a0fen\u00f3meno meteorol\u00f3gico<\/strong>\u00a0se ir\u00e1 desarrollando, entre ellos se encuentran los siguientes:<\/p>\n\n\n\n<p>Se prev\u00e9 que&nbsp;<strong>las temperaturas m\u00e1ximas de la ola de calor en M\u00e9xico alcancen entre 40 y 45 \u00b0C<\/strong>&nbsp;en los estados de&nbsp;<strong>Coahuila, Nuevo Le\u00f3n, Tamaulipas, San Luis Potos\u00ed, Jalisco, Michoac\u00e1n, Morelos, Guerrero, Oaxaca y Chiapas.<\/strong><\/p>\n\n\n\n<p>Por otro lado, se esperan&nbsp;<em>m\u00e1ximas de entre 35 y 40 \u00b0C en Sinaloa, Nayarit, Colima, Guanajuato, Quer\u00e9taro, Hidalgo, el suroeste de Puebla, Veracruz, Tabasco y Campeche.<\/em><\/p>\n\n\n\n<p>Finalmente, en las&nbsp;<strong>regiones sur de Sonora, sureste de Chihuahua, Durango, Zacatecas, Aguascalientes, el suroeste del Estado de M\u00e9xico, as\u00ed como en Yucat\u00e1n y Quintana Roo, se pronostican temperaturas m\u00e1ximas entre 30 y 35 \u00b0C.<\/strong><\/p>\n\n\n\n<p>Esta ola de calor&nbsp;<strong>tendr\u00e1 lugar el jueves 13 y viernes 14 de marzo&nbsp;<\/strong>en los estados mencionados.<\/p>\n\n\n\n<h2 class=\"wp-block-heading\" id=\"h-en-que-horarios-sera-el-punto-maximo-de-la-ola-calor\">\u00bfEn qu\u00e9 horarios ser\u00e1 el punto m\u00e1ximo de la ola calor?<\/h2>\n\n\n\n<p>Los horarios m\u00e1s fuertes del punto de calor podr\u00edan ser<strong>&nbsp;entre las 11:00 y las 15:00 horas, por ello, se recomienda evitar la exposici\u00f3n directa al sol si no es necesario o utilizar bloqueadores y protectores solares.&nbsp;<\/strong><\/p>\n\n\n\n<p>Tambi\u00e9n es recomendable que el protector solar sea&nbsp;<strong>FP 30+, usar ropa de algod\u00f3n de colores claros, gafas con filtro UV, mantenerse hidratado y cuidar mucho la piel de los ni\u00f1os y personas mayores.<\/strong><\/p>\n","protected":false},"excerpt":{"rendered":"<p>Con la\u00a0llegada de la primavera dejamos atr\u00e1s los\u00a0fr\u00edos extremos que tanto acurrucaron a la poblaci\u00f3n, las temperaturas fueron poco a poco en aumento y se espera que\u00a0M\u00e9xico viva una ola de calor extremo este 2025. La\u00a0Comisi\u00f3n Nacional de Agua (CONAGUA)\u00a0explic\u00f3 que ser\u00e1n varios los estados en los que este\u00a0fen\u00f3meno meteorol\u00f3gico\u00a0se ir\u00e1 desarrollando, entre ellos se [&hellip;]<\/p>\n","protected":false},"author":4,"featured_media":59821,"comment_status":"open","ping_status":"open","sticky":false,"template":"","format":"standard","meta":{"om_disable_all_campaigns":false,"_monsterinsights_skip_tracking":false,"_monsterinsights_sitenote_active":false,"_monsterinsights_sitenote_note":"","_monsterinsights_sitenote_category":0,"footnotes":""},"categories":[175],"tags":[223],"class_list":["post-59820","post","type-post","status-publish","format-standard","has-post-thumbnail","hentry","category-local","tag-puebla"],"amp_enabled":true,"_links":{"self":[{"href":"https:\/\/lahora.mx\/index.php\/wp-json\/wp\/v2\/posts\/59820","targetHints":{"allow":["GET"]}}],"collection":[{"href":"https:\/\/lahora.mx\/index.php\/wp-json\/wp\/v2\/posts"}],"about":[{"href":"https:\/\/lahora.mx\/index.php\/wp-json\/wp\/v2\/types\/post"}],"author":[{"embeddable":true,"href":"https:\/\/lahora.mx\/index.php\/wp-json\/wp\/v2\/users\/4"}],"replies":[{"embeddable":true,"href":"https:\/\/lahora.mx\/index.php\/wp-json\/wp\/v2\/comments?post=59820"}],"version-history":[{"count":2,"href":"https:\/\/lahora.mx\/index.php\/wp-json\/wp\/v2\/posts\/59820\/revisions"}],"predecessor-version":[{"id":59824,"href":"https:\/\/lahora.mx\/index.php\/wp-json\/wp\/v2\/posts\/59820\/revisions\/59824"}],"wp:featuredmedia":[{"embeddable":true,"href":"https:\/\/lahora.mx\/index.php\/wp-json\/wp\/v2\/media\/59821"}],"wp:attachment":[{"href":"https:\/\/lahora.mx\/index.php\/wp-json\/wp\/v2\/media?parent=59820"}],"wp:term":[{"taxonomy":"category","embeddable":true,"href":"https:\/\/lahora.mx\/index.php\/wp-json\/wp\/v2\/categories?post=59820"},{"taxonomy":"post_tag","embeddable":true,"href":"https:\/\/lahora.mx\/index.php\/wp-json\/wp\/v2\/tags?post=59820"}],"curies":[{"name":"wp","href":"https:\/\/api.w.org\/{rel}","templated":true}]}}