{"id":5982,"date":"2022-04-25T21:43:54","date_gmt":"2022-04-25T21:43:54","guid":{"rendered":"http:\/\/lahora.mx\/?p=5982"},"modified":"2022-04-25T21:43:55","modified_gmt":"2022-04-25T21:43:55","slug":"lo-hizo-elon-musk-compra-twitter","status":"publish","type":"post","link":"https:\/\/lahora.mx\/index.php\/2022\/04\/25\/lo-hizo-elon-musk-compra-twitter\/","title":{"rendered":"Lo hizo Elon Musk  compra Twitter"},"content":{"rendered":"\n<p>Est\u00e1 hecho:\u00a0<strong>Elon Musk<\/strong>\u00a0ya hizo la\u00a0<strong>compra<\/strong>\u00a0de\u00a0<strong>Twitter<\/strong>. \u00bfCu\u00e1nto cost\u00f3? Nada m\u00e1s y nada menos que\u00a0<strong>44 mil millones de d\u00f3lares<\/strong>, inform\u00f3 el empresario en un comunicado.\u00a0<br><\/p>\n\n\n\n<p>Hace apenas unos d\u00edas, Musk propuso comprar la plataforma a 54.20 d\u00f3lares por acci\u00f3n para, despu\u00e9s, retirarla de la bolsa neoyorquina.<br>La valorizaci\u00f3n de\u00a0<strong>Twitter<\/strong>\u00a0podr\u00e1 ascender a 43 mil millones de d\u00f3lares, frente a 38 mil 500 millones que val\u00eda antes de la compra<br>Musk dijo la semana pasada que consigui\u00f3<strong>\u00a046 mil 500 millones de d\u00f3lares<\/strong>\u00a0para realizar la compra gracias a dos\u00a0<strong>pr\u00e9stamos bancarios de Morgan Stanley<\/strong>\u00a0y a su\u00a0<strong>fortuna personal<\/strong>.<br>Seg\u00fan la prensa, el consejo de administraci\u00f3n de\u00a0<strong>Twitter<\/strong>\u00a0se reuni\u00f3 ayer domingo para revisar la propuesta del multimillonario.<br>Esa cl\u00e1usula establece que si un accionista alcanza\u00a0<strong>m\u00e1s del 15% del capital de\u00a0Twitter<\/strong>, el consejo se reserva el derecho de vender las acciones a todos los dem\u00e1s accionistas. Musk posee actualmente algo m\u00e1s del 9% del capital de la red social.<br><\/p>\n\n\n\n<p>El viernes, Elon Musk se reuni\u00f3 con varios accionistas para defender su oferta de compra.<\/p>\n\n\n\n<p>Poco despu\u00e9s de ingresar al capital del grupo, el fundador de Tesla fue invitado a integrarse al directorio de la firma, pero declin\u00f3 la oferta.<\/p>\n\n\n\n<p>Con m\u00e1s de 82 millones de seguidores, el hombre m\u00e1s rico del mundo -su fortuna se estima en 269 mil millones de d\u00f3lares por\u00a0<em>Forbes<\/em>\u2013 utiliza su cuenta de\u00a0<strong>Twitter<\/strong>\u00a0casi a diario para dar noticias sobre sus empresas, bromear e incluso lanzar provocaciones.<br>Musk tambi\u00e9n podr\u00eda buscar hacer de\u00a0<strong>Twitter<\/strong>\u00a0una empresa m\u00e1s rentable y aumentar el n\u00famero de usuarios.<br>Adem\u00e1s, ya sugiri\u00f3 modificaciones a la f\u00f3rmula de abonos pagos a la red social,\u00a0<strong>Twitter<\/strong>\u00a0<strong>Blue<\/strong>.<\/p>\n","protected":false},"excerpt":{"rendered":"<p>Est\u00e1 hecho:\u00a0Elon Musk\u00a0ya hizo la\u00a0compra\u00a0de\u00a0Twitter. \u00bfCu\u00e1nto cost\u00f3? Nada m\u00e1s y nada menos que\u00a044 mil millones de d\u00f3lares, inform\u00f3 el empresario en un comunicado.\u00a0 Hace apenas unos d\u00edas, Musk propuso comprar la plataforma a 54.20 d\u00f3lares por acci\u00f3n para, despu\u00e9s, retirarla de la bolsa neoyorquina.La valorizaci\u00f3n de\u00a0Twitter\u00a0podr\u00e1 ascender a 43 mil millones de d\u00f3lares, frente a [&hellip;]<\/p>\n","protected":false},"author":4,"featured_media":5983,"comment_status":"open","ping_status":"open","sticky":false,"template":"","format":"standard","meta":{"om_disable_all_campaigns":false,"_monsterinsights_skip_tracking":false,"_monsterinsights_sitenote_active":false,"_monsterinsights_sitenote_note":"","_monsterinsights_sitenote_category":0,"footnotes":""},"categories":[183],"tags":[195],"class_list":["post-5982","post","type-post","status-publish","format-standard","has-post-thumbnail","hentry","category-internacional","tag-principal"],"amp_enabled":true,"_links":{"self":[{"href":"https:\/\/lahora.mx\/index.php\/wp-json\/wp\/v2\/posts\/5982","targetHints":{"allow":["GET"]}}],"collection":[{"href":"https:\/\/lahora.mx\/index.php\/wp-json\/wp\/v2\/posts"}],"about":[{"href":"https:\/\/lahora.mx\/index.php\/wp-json\/wp\/v2\/types\/post"}],"author":[{"embeddable":true,"href":"https:\/\/lahora.mx\/index.php\/wp-json\/wp\/v2\/users\/4"}],"replies":[{"embeddable":true,"href":"https:\/\/lahora.mx\/index.php\/wp-json\/wp\/v2\/comments?post=5982"}],"version-history":[{"count":1,"href":"https:\/\/lahora.mx\/index.php\/wp-json\/wp\/v2\/posts\/5982\/revisions"}],"predecessor-version":[{"id":5984,"href":"https:\/\/lahora.mx\/index.php\/wp-json\/wp\/v2\/posts\/5982\/revisions\/5984"}],"wp:featuredmedia":[{"embeddable":true,"href":"https:\/\/lahora.mx\/index.php\/wp-json\/wp\/v2\/media\/5983"}],"wp:attachment":[{"href":"https:\/\/lahora.mx\/index.php\/wp-json\/wp\/v2\/media?parent=5982"}],"wp:term":[{"taxonomy":"category","embeddable":true,"href":"https:\/\/lahora.mx\/index.php\/wp-json\/wp\/v2\/categories?post=5982"},{"taxonomy":"post_tag","embeddable":true,"href":"https:\/\/lahora.mx\/index.php\/wp-json\/wp\/v2\/tags?post=5982"}],"curies":[{"name":"wp","href":"https:\/\/api.w.org\/{rel}","templated":true}]}}