{"id":59817,"date":"2025-03-15T00:55:16","date_gmt":"2025-03-15T00:55:16","guid":{"rendered":"https:\/\/lahora.mx\/?p=59817"},"modified":"2025-03-15T00:55:16","modified_gmt":"2025-03-15T00:55:16","slug":"continuan-los-operativos-en-la-atlixcayotl-contra-taxis-piratas","status":"publish","type":"post","link":"https:\/\/lahora.mx\/index.php\/2025\/03\/15\/continuan-los-operativos-en-la-atlixcayotl-contra-taxis-piratas\/","title":{"rendered":"Contin\u00faan los operativos en la Atlixc\u00e1yotl contra taxis \u201cpiratas\u201d"},"content":{"rendered":"\n<p>Este viernes 14 de marzo, la<strong>\u00a0Secretar\u00eda de Movilidad y Transporte (STM) de Puebla realiz\u00f3 un segundo\u00a0operativo\u00a0en los alrededores de la caseta de Atlixco<\/strong>\u00a0para inspeccionar al transporte p\u00fablico irregular que prolifera en la zona. La intervenci\u00f3n, aunque era necesaria, caus\u00f3 caos vial y molestia entre los usuarios que depend\u00edan en gran medida de estos colectivos \u201cpiratas\u201d, pues hubo una escasa disponibilidad de unidades para movilizarse.<\/p>\n\n\n\n<p>Para reducir el impacto social, el gobierno estatal puso a disposici\u00f3n de las personas el servicio gratuito de la RUTA 4 y de la empresa ORO, que tienen como&nbsp;<strong>destino Lomas de Angel\u00f3polis y Sonata<\/strong>.&nbsp;<\/p>\n\n\n\n<p>Desde temprano, la STM, junto con la Marina, Guardia Nacional, polic\u00eda estatal y la polic\u00eda municipal de San Andr\u00e9s Cholula, desarrollaron un operativo conjunto sobre la v\u00eda Atlixc\u00e1yotl<strong>, a un lado de la caseta de Atlixco, para ordenar y regular la presencia de taxis y combis&nbsp;<\/strong>que operan sin tener la documentaci\u00f3n necesaria. Un d\u00eda antes, el jueves 13 de marzo, tambi\u00e9n hubo un operativo similar en la misma zona.<\/p>\n\n\n\n<p>Seg\u00fan informaci\u00f3n de\u00a0<strong>Juan Manuel Vega Rayet, subsecretario de movilidad en Puebla<\/strong>, como resultado de ambos operativos, se aseguraron un total de 20 unidades irregulares.<br>Desde su perspectiva,&nbsp;<strong>esta medida tiene la \u00fanica finalidad de preservar la integridad de la poblaci\u00f3n<\/strong>, ya que tienen reportes que en esos veh\u00edculos se han cometido il\u00edcitos.&nbsp;<\/p>\n\n\n\n<p><strong><em>\u201cEs para darle mayor seguridad a las personas, ya que hemos tenido quejas de que los usuarios han sido asaltados o van inc\u00f3modos en este transporte pirata. Hemos asegurado un promedio de 20 veh\u00edculos que no estaban reglamentados\u201d<\/em><\/strong>, detall\u00f3.<\/p>\n\n\n\n<h2 class=\"wp-block-heading\">Caos vial y molestia<\/h2>\n\n\n\n<p>El operativo provoc\u00f3 un caos vial significativo en una de las principales arterias de la capital poblana (V\u00eda Atlixc\u00e1yotl), lo que ocasion\u00f3 que muchas personas&nbsp;<strong>llegaran tarde a sus destinos debido a la congesti\u00f3n vehicular.<\/strong><\/p>\n\n\n\n<p>Adem\u00e1s, gener\u00f3 incomodidad entre los usuarios que depend\u00edan del transporte irregular para llegar a su trabajo o escuela, ya que la oferta de unidades disponibles era insuficiente, lo que dificult\u00f3 su desplazamiento y prolong\u00f3 los tiempos de espera.<\/p>\n\n\n\n<p>Pilar, una usuaria habitual de estos colectivos,&nbsp;<strong>explic\u00f3 en entrevista que el operativo hizo que su tiempo de espera se extendiera a una hora, cuando lo regular era de 5 a 10 minutos.&nbsp;<\/strong><\/p>\n\n\n\n<p>Dijo que normalmente las unidades \u201cpiratas\u201d pasaban constantemente y la dejaban cerca de su trabajo, ubicado en uno de los fraccionamientos de Lomas de Angel\u00f3polis.&nbsp;<\/p>\n\n\n\n<p><em>\u201cLlevo una hora esperando. A nuestros patrones nos les va a importar si hubo operativo o no, ellos nos quieren temprano (\u2026) Los colectivos que est\u00e1n quitando eran muy eficientes porque r\u00e1pido nos llevaban\u201d,<\/em>expres\u00f3.<br><br>Por su parte,&nbsp;<strong>Mar\u00eda declar\u00f3 que, aunque esas unidades no contaban con la reglamentaci\u00f3n necesaria<\/strong>, ofrec\u00edan un servicio de calidad, r\u00e1pido y a bajo costo para los usuarios.&nbsp;<\/p>\n\n\n\n<blockquote class=\"wp-block-quote is-layout-flow wp-block-quote-is-layout-flow\">\n<p><q>Es algo econ\u00f3mico, 10 pesos nos cobran y nos reparten hasta nuestros destinos. Considero que quitar los colectivos va a afectar a muchas personas que dependemos de ellos, y m\u00e1s por la falta de transporte en esta zona<\/q>declar\u00f3&nbsp;<\/p>\n<\/blockquote>\n\n\n\n<p>Ante esta situaci\u00f3n,<strong>&nbsp;Eugenia hizo un llamado a las autoridades para que agreguen m\u00e1s rutas de transporte p\u00fablico,&nbsp;<\/strong>especialmente en las \u00e1reas que quedar\u00e1n desprotegidas por la eliminaci\u00f3n de los colectivos irregulares.&nbsp;<\/p>\n\n\n\n<p><em>\u201cEs necesario que el gobierno piense en las personas que, como yo, no tenemos otras opciones para movilizarnos. Si van a retirar estas unidades, deben garantizar un servicio alternativo que sea accesible, r\u00e1pido y seguro\u201d, expres\u00f3.&nbsp;<\/em><\/p>\n\n\n\n<h2 class=\"wp-block-heading\">Gobierno suma a la RUTA 4 y a unidades de la empresa ORO&nbsp;<\/h2>\n\n\n\n<p>Para mitigar el impacto del operativo y reducir las afectaciones a los usuarios, el gobierno estatal puso a disposici\u00f3n de los ciudadanos el servicio gratuito de la RUTA 4 y unidades de la empresa ORO, que cubren rutas hacia Lomas de Angel\u00f3polis y Sonata.<br><br>El Sol de Puebla realiz\u00f3 todo el recorrido para conocer e<strong>l modus operandi de este nuevo servicio de transporte p\u00fablico<\/strong>, el cual operar\u00e1 de lunes a domingo, en un horario de las 6:30 horas a las 21:00 horas.&nbsp;<\/p>\n\n\n\n<p>La salida de las unidades es en la terminal de los camiones ORO, unos metros antes de la Caseta de Atlixco, y su flujo va de los 10 a los 15 minutos, entre uno y otro cami\u00f3n.&nbsp;<\/p>\n\n\n\n<p>En el caso de la<strong>&nbsp;RUTA 4, realiza un recorrido completo de 40 minutos<\/strong>&nbsp;(ida y vuelta), por todo el Boulevard de las Cascadas en Lomas de Angel\u00f3polis, y cuenta con diversas paradas.&nbsp;<\/p>\n\n\n\n<p><strong>Estas son Santa Clara, Fraccionamiento Zona Azul, Fraccionamiento Matamoros, Chedraui Selecto, Caballerizas, Fraccionamiento Cuernavaca, contenedores de agua y San Antonio.<\/strong><\/p>\n\n\n\n<p>Mientras tanto, las rutas ORO tienen como destino la Plaza Comercial Sonata, pero \u00fanicamente llegan hasta el segundo retorno, es decir, donde est\u00e1 el Hospital Aqua Puebla.<\/p>\n","protected":false},"excerpt":{"rendered":"<p>Este viernes 14 de marzo, la\u00a0Secretar\u00eda de Movilidad y Transporte (STM) de Puebla realiz\u00f3 un segundo\u00a0operativo\u00a0en los alrededores de la caseta de Atlixco\u00a0para inspeccionar al transporte p\u00fablico irregular que prolifera en la zona. La intervenci\u00f3n, aunque era necesaria, caus\u00f3 caos vial y molestia entre los usuarios que depend\u00edan en gran medida de estos colectivos \u201cpiratas\u201d, [&hellip;]<\/p>\n","protected":false},"author":4,"featured_media":59818,"comment_status":"open","ping_status":"open","sticky":false,"template":"","format":"standard","meta":{"om_disable_all_campaigns":false,"_monsterinsights_skip_tracking":false,"_monsterinsights_sitenote_active":false,"_monsterinsights_sitenote_note":"","_monsterinsights_sitenote_category":0,"footnotes":""},"categories":[175],"tags":[223],"class_list":["post-59817","post","type-post","status-publish","format-standard","has-post-thumbnail","hentry","category-local","tag-puebla"],"amp_enabled":true,"_links":{"self":[{"href":"https:\/\/lahora.mx\/index.php\/wp-json\/wp\/v2\/posts\/59817","targetHints":{"allow":["GET"]}}],"collection":[{"href":"https:\/\/lahora.mx\/index.php\/wp-json\/wp\/v2\/posts"}],"about":[{"href":"https:\/\/lahora.mx\/index.php\/wp-json\/wp\/v2\/types\/post"}],"author":[{"embeddable":true,"href":"https:\/\/lahora.mx\/index.php\/wp-json\/wp\/v2\/users\/4"}],"replies":[{"embeddable":true,"href":"https:\/\/lahora.mx\/index.php\/wp-json\/wp\/v2\/comments?post=59817"}],"version-history":[{"count":1,"href":"https:\/\/lahora.mx\/index.php\/wp-json\/wp\/v2\/posts\/59817\/revisions"}],"predecessor-version":[{"id":59819,"href":"https:\/\/lahora.mx\/index.php\/wp-json\/wp\/v2\/posts\/59817\/revisions\/59819"}],"wp:featuredmedia":[{"embeddable":true,"href":"https:\/\/lahora.mx\/index.php\/wp-json\/wp\/v2\/media\/59818"}],"wp:attachment":[{"href":"https:\/\/lahora.mx\/index.php\/wp-json\/wp\/v2\/media?parent=59817"}],"wp:term":[{"taxonomy":"category","embeddable":true,"href":"https:\/\/lahora.mx\/index.php\/wp-json\/wp\/v2\/categories?post=59817"},{"taxonomy":"post_tag","embeddable":true,"href":"https:\/\/lahora.mx\/index.php\/wp-json\/wp\/v2\/tags?post=59817"}],"curies":[{"name":"wp","href":"https:\/\/api.w.org\/{rel}","templated":true}]}}