{"id":59780,"date":"2025-03-14T01:15:17","date_gmt":"2025-03-14T01:15:17","guid":{"rendered":"https:\/\/lahora.mx\/?p=59780"},"modified":"2025-03-14T01:15:18","modified_gmt":"2025-03-14T01:15:18","slug":"inician-paro-en-el-ingenio-de-chietla-las-bodegas-fueron-bloqueadas","status":"publish","type":"post","link":"https:\/\/lahora.mx\/index.php\/2025\/03\/14\/inician-paro-en-el-ingenio-de-chietla-las-bodegas-fueron-bloqueadas\/","title":{"rendered":"Inician paro en el ingenio de Chietla; las bodegas fueron bloqueadas"},"content":{"rendered":"\n<p>Chietla, Pue.-&nbsp;<strong>Productores de ca\u00f1a de az\u00facar de la regi\u00f3n de Atencingo en el municipio de Chietla, bloquearon las bodegas del ingenio azucarero&nbsp;<\/strong>en protesta por el incumplimiento de<strong>&nbsp;la exportaci\u00f3n por parte de los industriales,&nbsp;<\/strong>adem\u00e1s se ha manifestado que es un paro nacional.<\/p>\n\n\n\n<p><strong>L\u00e1zaro F\u00e9lix Bello Garc\u00eda, presidente de la Uni\u00f3n Local de Productores de Ca\u00f1a de Az\u00facar (ULPCA CNC),\u00a0<\/strong>explic\u00f3 que\u00a0<strong>el motivo del paro es la falta de cumplimiento de los corporativos en la exportaci\u00f3n de az\u00facar<\/strong>\u00a0al extranjero. En su lugar, dijo, est\u00e1n\u00a0<strong>destinando el producto al mercado nacional<\/strong>, lo que ha generado\u00a0<strong>un aumento en el precio del az\u00facar de mesa y preocupaci\u00f3n entre los productores y l\u00edderes azucareros.<\/strong><br><strong>Vamos a impedir la salida de tr\u00e1ileres cargados de az\u00facar,&nbsp;<\/strong>los industriales no est\u00e1n cumpliendo con los cupos de exportaci\u00f3n\u201d, afirm\u00f3 el l\u00edder ca\u00f1ero durante una entrevista en&nbsp;<strong>el port\u00f3n sur del Ingenio Azucarero de Atencingo.<\/strong><\/p>\n\n\n\n<p>Bello Garc\u00eda reiter\u00f3 que&nbsp;<strong>las bodegas permanecer\u00e1n bloqueadas hasta que los industriales demuestren que han cumplido con su obligaci\u00f3n de exportar la cantidad de az\u00facar correspondiente<\/strong>hasta el mes de marzo.&nbsp;<\/p>\n\n\n\n<p>\u201c<strong>Cuando ellos hagan su exportaci\u00f3n, el paro terminar\u00e1<\/strong>. Que comprueben que&nbsp;<strong>hasta el mes de marzo ya est\u00e1 exportada, y desbloqueamos las bodegas<\/strong>\u201d, enfatiz\u00f3.<\/p>\n\n\n\n<p><strong>Este paro no solo afecta a la regi\u00f3n de Atencingo, sino que es parte de una protesta a nivel nacional.\u00a0<\/strong>Mientras persista la situaci\u00f3n, no se permitir\u00e1 la salida de az\u00facar a ning\u00fan destino, lo que podr\u00eda impactar en la distribuci\u00f3n del producto en el pa\u00eds.<br><br>Pero dej\u00f3 en claro que,&nbsp;<strong>este bloqueo no afectar\u00e1 la zafra del ciclo 2024-2025,<\/strong>&nbsp;ya que va a dejar permite la entrada de camiones y carretas cargadas de la bara dulce de ca\u00f1a de az\u00facar de toda la regi\u00f3n y&nbsp;<strong>del estado de Morelos<\/strong>&nbsp;para no afectar a los productores.&nbsp;<\/p>\n\n\n\n<p>Cabe mencionar que,&nbsp;<strong>el precio de az\u00facar en M\u00e9xico es inferior a los a\u00f1os pasados bajando a un m\u00e1s su costo al no ser exportada<\/strong>, as\u00ed lo coment\u00f3 el l\u00edder. Motivo suficiente para justificar las acciones llevabas acabo a nivel nacional hacia el consorcio Azucarmex.<\/p>\n","protected":false},"excerpt":{"rendered":"<p>Chietla, Pue.-&nbsp;Productores de ca\u00f1a de az\u00facar de la regi\u00f3n de Atencingo en el municipio de Chietla, bloquearon las bodegas del ingenio azucarero&nbsp;en protesta por el incumplimiento de&nbsp;la exportaci\u00f3n por parte de los industriales,&nbsp;adem\u00e1s se ha manifestado que es un paro nacional. L\u00e1zaro F\u00e9lix Bello Garc\u00eda, presidente de la Uni\u00f3n Local de Productores de Ca\u00f1a de [&hellip;]<\/p>\n","protected":false},"author":4,"featured_media":59781,"comment_status":"open","ping_status":"open","sticky":false,"template":"","format":"standard","meta":{"om_disable_all_campaigns":false,"_monsterinsights_skip_tracking":false,"_monsterinsights_sitenote_active":false,"_monsterinsights_sitenote_note":"","_monsterinsights_sitenote_category":0,"footnotes":""},"categories":[175],"tags":[],"class_list":["post-59780","post","type-post","status-publish","format-standard","has-post-thumbnail","hentry","category-local"],"amp_enabled":true,"_links":{"self":[{"href":"https:\/\/lahora.mx\/index.php\/wp-json\/wp\/v2\/posts\/59780","targetHints":{"allow":["GET"]}}],"collection":[{"href":"https:\/\/lahora.mx\/index.php\/wp-json\/wp\/v2\/posts"}],"about":[{"href":"https:\/\/lahora.mx\/index.php\/wp-json\/wp\/v2\/types\/post"}],"author":[{"embeddable":true,"href":"https:\/\/lahora.mx\/index.php\/wp-json\/wp\/v2\/users\/4"}],"replies":[{"embeddable":true,"href":"https:\/\/lahora.mx\/index.php\/wp-json\/wp\/v2\/comments?post=59780"}],"version-history":[{"count":1,"href":"https:\/\/lahora.mx\/index.php\/wp-json\/wp\/v2\/posts\/59780\/revisions"}],"predecessor-version":[{"id":59782,"href":"https:\/\/lahora.mx\/index.php\/wp-json\/wp\/v2\/posts\/59780\/revisions\/59782"}],"wp:featuredmedia":[{"embeddable":true,"href":"https:\/\/lahora.mx\/index.php\/wp-json\/wp\/v2\/media\/59781"}],"wp:attachment":[{"href":"https:\/\/lahora.mx\/index.php\/wp-json\/wp\/v2\/media?parent=59780"}],"wp:term":[{"taxonomy":"category","embeddable":true,"href":"https:\/\/lahora.mx\/index.php\/wp-json\/wp\/v2\/categories?post=59780"},{"taxonomy":"post_tag","embeddable":true,"href":"https:\/\/lahora.mx\/index.php\/wp-json\/wp\/v2\/tags?post=59780"}],"curies":[{"name":"wp","href":"https:\/\/api.w.org\/{rel}","templated":true}]}}