{"id":59777,"date":"2025-03-14T01:02:49","date_gmt":"2025-03-14T01:02:49","guid":{"rendered":"https:\/\/lahora.mx\/?p=59777"},"modified":"2025-03-14T01:02:49","modified_gmt":"2025-03-14T01:02:49","slug":"habra-puente-en-puebla-sep-hace-oficial-suspension-de-clases-el-lunes-17-marzo","status":"publish","type":"post","link":"https:\/\/lahora.mx\/index.php\/2025\/03\/14\/habra-puente-en-puebla-sep-hace-oficial-suspension-de-clases-el-lunes-17-marzo\/","title":{"rendered":"Habr\u00e1 puente en Puebla; SEP hace oficial suspensi\u00f3n de clases el lunes 17 marzo"},"content":{"rendered":"\n<p>La\u00a0<strong>Secretar\u00eda de Educaci\u00f3n P\u00fablica de Puebla<\/strong>\u00a0confirm\u00f3 que el pr\u00f3ximo l<strong>unes 17 de marzo se suspenden las clases e<\/strong>n todo el estado en los niveles de educaci\u00f3n inicial, preescolar, primaria, secundaria y bachillerato, de acuerdo con lo establecido en el calendario escolar.<br>Se trata de un d\u00eda de descanso obligatorio que se adelanta por la conmemoraci\u00f3n del natalicio de Benito Ju\u00e1rez<strong>, celebrada el 21 de marzo<\/strong>. Ser\u00e1 este el primero&nbsp;<strong>de los tres \u2018megapuentes\u2019<\/strong>&nbsp;que habr\u00e1 durante el presente mes.<\/p>\n\n\n\n<p>Es importante mencionar que en redes sociales circularon versiones de que la suspensi\u00f3n de clases comenzar\u00eda&nbsp;<strong>desde el viernes 14<\/strong>, pero queda confirmado que no ser\u00e1 as\u00ed. Los d\u00edas sin actividades escolares ser\u00e1n del s\u00e1bado 15 al lunes 17 de marzo, con el regreso a clases el martes 18 de marzo.<\/p>\n\n\n\n<p>No obstante,&nbsp;<strong>se prev\u00e9 que el segundo \u2018megapuente\u2019<\/strong>&nbsp;en Puebla llegar\u00e1 el viernes 21 de marzo, cuando suspendan clases por el Registro de Calificaciones del personal docente. Y el tercero se espera para el viernes 28 de marzo en que habr\u00e1 Sesi\u00f3n del Consejo T\u00e9cnico Escolar, y por tanto las clases se suspender\u00e1n.<\/p>\n","protected":false},"excerpt":{"rendered":"<p>La\u00a0Secretar\u00eda de Educaci\u00f3n P\u00fablica de Puebla\u00a0confirm\u00f3 que el pr\u00f3ximo lunes 17 de marzo se suspenden las clases en todo el estado en los niveles de educaci\u00f3n inicial, preescolar, primaria, secundaria y bachillerato, de acuerdo con lo establecido en el calendario escolar.Se trata de un d\u00eda de descanso obligatorio que se adelanta por la conmemoraci\u00f3n del [&hellip;]<\/p>\n","protected":false},"author":4,"featured_media":59778,"comment_status":"open","ping_status":"open","sticky":false,"template":"","format":"standard","meta":{"om_disable_all_campaigns":false,"_monsterinsights_skip_tracking":false,"_monsterinsights_sitenote_active":false,"_monsterinsights_sitenote_note":"","_monsterinsights_sitenote_category":0,"footnotes":""},"categories":[175],"tags":[195],"class_list":["post-59777","post","type-post","status-publish","format-standard","has-post-thumbnail","hentry","category-local","tag-principal"],"amp_enabled":true,"_links":{"self":[{"href":"https:\/\/lahora.mx\/index.php\/wp-json\/wp\/v2\/posts\/59777","targetHints":{"allow":["GET"]}}],"collection":[{"href":"https:\/\/lahora.mx\/index.php\/wp-json\/wp\/v2\/posts"}],"about":[{"href":"https:\/\/lahora.mx\/index.php\/wp-json\/wp\/v2\/types\/post"}],"author":[{"embeddable":true,"href":"https:\/\/lahora.mx\/index.php\/wp-json\/wp\/v2\/users\/4"}],"replies":[{"embeddable":true,"href":"https:\/\/lahora.mx\/index.php\/wp-json\/wp\/v2\/comments?post=59777"}],"version-history":[{"count":1,"href":"https:\/\/lahora.mx\/index.php\/wp-json\/wp\/v2\/posts\/59777\/revisions"}],"predecessor-version":[{"id":59779,"href":"https:\/\/lahora.mx\/index.php\/wp-json\/wp\/v2\/posts\/59777\/revisions\/59779"}],"wp:featuredmedia":[{"embeddable":true,"href":"https:\/\/lahora.mx\/index.php\/wp-json\/wp\/v2\/media\/59778"}],"wp:attachment":[{"href":"https:\/\/lahora.mx\/index.php\/wp-json\/wp\/v2\/media?parent=59777"}],"wp:term":[{"taxonomy":"category","embeddable":true,"href":"https:\/\/lahora.mx\/index.php\/wp-json\/wp\/v2\/categories?post=59777"},{"taxonomy":"post_tag","embeddable":true,"href":"https:\/\/lahora.mx\/index.php\/wp-json\/wp\/v2\/tags?post=59777"}],"curies":[{"name":"wp","href":"https:\/\/api.w.org\/{rel}","templated":true}]}}