{"id":59768,"date":"2025-03-14T00:16:09","date_gmt":"2025-03-14T00:16:09","guid":{"rendered":"https:\/\/lahora.mx\/?p=59768"},"modified":"2025-03-14T00:16:09","modified_gmt":"2025-03-14T00:16:09","slug":"a-tres-meses-de-inaugurarse-el-congreso-piden-crear-salida-de-emergencia","status":"publish","type":"post","link":"https:\/\/lahora.mx\/index.php\/2025\/03\/14\/a-tres-meses-de-inaugurarse-el-congreso-piden-crear-salida-de-emergencia\/","title":{"rendered":"A tres meses de inaugurarse el Congreso, piden crear salida de emergencia"},"content":{"rendered":"\n<p>Los diputados del&nbsp;<strong>Congreso del Estado<\/strong>&nbsp;buscan construir una&nbsp;<strong>salida de emergencia<\/strong>&nbsp;en la nueva&nbsp;<strong>sede del Poder Legislativo<\/strong>, tres meses despu\u00e9s de su inauguraci\u00f3n. Esto surgi\u00f3 tras percatarse de que podr\u00edan quedar encerrados ante cualquier otra eventualidad, tal como ocurri\u00f3 durante la manifestaci\u00f3n de&nbsp;<strong>pobladores de Tlachichuca<\/strong>&nbsp;el 11 de marzo.<\/p>\n\n\n\n<p>La presidenta del Congreso,\u00a0Laura Artemisa, explic\u00f3 que un\u00a0<strong>estudio t\u00e9cnico de seguridad<\/strong>\u00a0y de\u00a0<strong>Protecci\u00f3n Civil<\/strong>\u00a0revel\u00f3 la necesidad de\u00a0<strong>una salida de emergencia<\/strong>\u00a0o de resguardar una de las entradas para facilitar la evacuaci\u00f3n.<\/p>\n\n\n\n<p>No obstante, aclar\u00f3 que la&nbsp;<strong>creaci\u00f3n o resguardo de las salidas<\/strong>&nbsp;de emergencia no est\u00e1 relacionado con la&nbsp;<strong>manifestaci\u00f3n<\/strong>&nbsp;que dej\u00f3 a personal, visitantes y diputados atrapados por m\u00e1s de 9 horas.<\/p>\n\n\n\n<p>\u201cPrevio a lo que pas\u00f3 todo el d\u00eda martes se mand\u00f3 a hacer un\u00a0<strong>dictamen de seguridad<\/strong>\u00a0y de\u00a0<strong>Protecci\u00f3n Civil<\/strong>, tenemos ya la respuesta de ambas instancias y hay un punto que obviamente se tienen que mejorar, son \u00e1reas de oportunidad que tenemos que revisar\u201d, mencion\u00f3.<br><\/p>\n\n\n\n<p>Laura Artemisa anunci\u00f3 que pr\u00f3ximamente dar\u00e1 a conocer las\u00a0<strong>\u00e1reas de mejora<\/strong>\u00a0en el\u00a0Congreso del Estado. Adelant\u00f3 que una de ellas es la\u00a0<strong>falta de una zona de comedor<\/strong>, lo cual se evidenci\u00f3 durante la manifestaci\u00f3n, ya que quienes quedaron dentro del edificio no ten\u00edan d\u00f3nde comer.<\/p>\n\n\n\n<p>La diputada de Morena neg\u00f3 que estas mejoras busquen&nbsp;<strong>impedir las manifestaciones<\/strong>. Asegur\u00f3 que, como&nbsp;<strong>luchadores sociales<\/strong>, reconocen el derecho a la protesta y est\u00e1n dispuestos a dialogar con cualquier persona que acuda al Congreso.<\/p>\n\n\n\n<p>\u201cNo le tenemos temor, yo como luchador social, entiendo que se debe de&nbsp;<strong>votar por el di\u00e1logo<\/strong>. Somos respetuosos, pero cuidando que no se afecte a terceros\u201d, coment\u00f3.<\/p>\n\n\n\n<p>Los diputados comenzaron a trabajar en la nueva sede en enero de este a\u00f1o, tras su inauguraci\u00f3n en noviembre del a\u00f1o pasado por el exgobernador\u00a0Sergio Salom\u00f3n C\u00e9spedes Peregrina.<br>El edificio, que cuenta con estacionamiento, \u00e1rea de cafeter\u00eda y oficinas, tuvo un costo superior a\u00a0<strong>800 millones de pesos<\/strong>\u00a0y a\u00fan presenta algunos da\u00f1os por reparaci\u00f3n que se han ido subsanando.\u00a0<\/p>\n","protected":false},"excerpt":{"rendered":"<p>Los diputados del&nbsp;Congreso del Estado&nbsp;buscan construir una&nbsp;salida de emergencia&nbsp;en la nueva&nbsp;sede del Poder Legislativo, tres meses despu\u00e9s de su inauguraci\u00f3n. Esto surgi\u00f3 tras percatarse de que podr\u00edan quedar encerrados ante cualquier otra eventualidad, tal como ocurri\u00f3 durante la manifestaci\u00f3n de&nbsp;pobladores de Tlachichuca&nbsp;el 11 de marzo. La presidenta del Congreso,\u00a0Laura Artemisa, explic\u00f3 que un\u00a0estudio t\u00e9cnico de [&hellip;]<\/p>\n","protected":false},"author":4,"featured_media":59769,"comment_status":"open","ping_status":"open","sticky":false,"template":"","format":"standard","meta":{"om_disable_all_campaigns":false,"_monsterinsights_skip_tracking":false,"_monsterinsights_sitenote_active":false,"_monsterinsights_sitenote_note":"","_monsterinsights_sitenote_category":0,"footnotes":""},"categories":[175],"tags":[223],"class_list":["post-59768","post","type-post","status-publish","format-standard","has-post-thumbnail","hentry","category-local","tag-puebla"],"amp_enabled":true,"_links":{"self":[{"href":"https:\/\/lahora.mx\/index.php\/wp-json\/wp\/v2\/posts\/59768","targetHints":{"allow":["GET"]}}],"collection":[{"href":"https:\/\/lahora.mx\/index.php\/wp-json\/wp\/v2\/posts"}],"about":[{"href":"https:\/\/lahora.mx\/index.php\/wp-json\/wp\/v2\/types\/post"}],"author":[{"embeddable":true,"href":"https:\/\/lahora.mx\/index.php\/wp-json\/wp\/v2\/users\/4"}],"replies":[{"embeddable":true,"href":"https:\/\/lahora.mx\/index.php\/wp-json\/wp\/v2\/comments?post=59768"}],"version-history":[{"count":1,"href":"https:\/\/lahora.mx\/index.php\/wp-json\/wp\/v2\/posts\/59768\/revisions"}],"predecessor-version":[{"id":59770,"href":"https:\/\/lahora.mx\/index.php\/wp-json\/wp\/v2\/posts\/59768\/revisions\/59770"}],"wp:featuredmedia":[{"embeddable":true,"href":"https:\/\/lahora.mx\/index.php\/wp-json\/wp\/v2\/media\/59769"}],"wp:attachment":[{"href":"https:\/\/lahora.mx\/index.php\/wp-json\/wp\/v2\/media?parent=59768"}],"wp:term":[{"taxonomy":"category","embeddable":true,"href":"https:\/\/lahora.mx\/index.php\/wp-json\/wp\/v2\/categories?post=59768"},{"taxonomy":"post_tag","embeddable":true,"href":"https:\/\/lahora.mx\/index.php\/wp-json\/wp\/v2\/tags?post=59768"}],"curies":[{"name":"wp","href":"https:\/\/api.w.org\/{rel}","templated":true}]}}