{"id":59760,"date":"2025-03-14T00:10:19","date_gmt":"2025-03-14T00:10:19","guid":{"rendered":"https:\/\/lahora.mx\/?p=59760"},"modified":"2025-03-14T00:10:19","modified_gmt":"2025-03-14T00:10:19","slug":"niegan-acceso-a-estudiantes-en-secundaria-de-zacapoaxtla","status":"publish","type":"post","link":"https:\/\/lahora.mx\/index.php\/2025\/03\/14\/niegan-acceso-a-estudiantes-en-secundaria-de-zacapoaxtla\/","title":{"rendered":"Niegan acceso a estudiantes en secundaria de Zacapoaxtla"},"content":{"rendered":"\n<p>La ma\u00f1ana de este jueves, m\u00e1s de\u00a0<strong>50 estudiantes<\/strong>\u00a0de la\u00a0<strong>Escuela Secundaria \u201c5 de Mayo de 1962\u201d<\/strong>, en el municipio de\u00a0Zacapoaxtla, no pudieron ingresar a la instituci\u00f3n por orden del director, Francisco de los Santos.<\/p>\n\n\n\n<p>El motivo: no cumplir con las normas de presentaci\u00f3n, como el&nbsp;<strong>corte de cabello adecuado<\/strong>, el uso correcto del&nbsp;<strong>uniforme<\/strong>&nbsp;o llevar las&nbsp;<strong>u\u00f1as largas<\/strong>.<\/p>\n\n\n\n<p><strong>Padres de familia<\/strong>, que prefirieron mantenerse en el anonimato por temor a represalias, expresaron su inconformidad con las&nbsp;<strong>nuevas medidas<\/strong>&nbsp;impuestas por el director. Algunos incluso consideraron&nbsp;<strong>dar de baja a sus hijos<\/strong>, al considerar que esta decisi\u00f3n pone en riesgo la integridad de los estudiantes.<\/p>\n\n\n\n<p>Por la ma\u00f1ana, un grupo de padres acudi\u00f3 a la Coordinaci\u00f3n Regional de Desarrollo Educativo (<strong>CORDE<\/strong>) para presentar una queja formal y solicitar la intervenci\u00f3n de las\u00a0<strong>autoridades educativas<\/strong>.<br>Tambi\u00e9n externaron su preocupaci\u00f3n por la&nbsp;<strong>seguridad de sus hijos<\/strong>, pues al ser rechazados en la entrada de la escuela, podr\u00edan encontrarse en&nbsp;<strong>situaciones de riesgo<\/strong>&nbsp;en la&nbsp;<strong>v\u00eda p\u00fablica<\/strong>, ya que no siempre regresan de inmediato a sus hogares.<\/p>\n\n\n\n<p>Cabe se\u00f1alar que, seg\u00fan la normativa educativa vigente, las&nbsp;<strong>instituciones<\/strong>&nbsp;no est\u00e1n facultadas para&nbsp;<strong>negar el acceso<\/strong>&nbsp;a los alumnos por motivos relacionados con su&nbsp;<strong>apariencia personal<\/strong>.<\/p>\n\n\n\n<p>Los afectados esperan que las autoridades correspondientes intervengan para garantizar el\u00a0<strong>derecho a la educaci\u00f3n<\/strong>\u00a0de sus hijos. Este medio de comunicaci\u00f3n intent\u00f3\u00a0<strong>entrevistar<\/strong>\u00a0al\u00a0<strong>director<\/strong>de la secundaria para conocer su postura, pero se neg\u00f3 a dar declaraciones. <\/p>\n","protected":false},"excerpt":{"rendered":"<p>La ma\u00f1ana de este jueves, m\u00e1s de\u00a050 estudiantes\u00a0de la\u00a0Escuela Secundaria \u201c5 de Mayo de 1962\u201d, en el municipio de\u00a0Zacapoaxtla, no pudieron ingresar a la instituci\u00f3n por orden del director, Francisco de los Santos. El motivo: no cumplir con las normas de presentaci\u00f3n, como el&nbsp;corte de cabello adecuado, el uso correcto del&nbsp;uniforme&nbsp;o llevar las&nbsp;u\u00f1as largas. Padres [&hellip;]<\/p>\n","protected":false},"author":4,"featured_media":59761,"comment_status":"open","ping_status":"open","sticky":false,"template":"","format":"standard","meta":{"om_disable_all_campaigns":false,"_monsterinsights_skip_tracking":false,"_monsterinsights_sitenote_active":false,"_monsterinsights_sitenote_note":"","_monsterinsights_sitenote_category":0,"footnotes":""},"categories":[175],"tags":[],"class_list":["post-59760","post","type-post","status-publish","format-standard","has-post-thumbnail","hentry","category-local"],"amp_enabled":true,"_links":{"self":[{"href":"https:\/\/lahora.mx\/index.php\/wp-json\/wp\/v2\/posts\/59760","targetHints":{"allow":["GET"]}}],"collection":[{"href":"https:\/\/lahora.mx\/index.php\/wp-json\/wp\/v2\/posts"}],"about":[{"href":"https:\/\/lahora.mx\/index.php\/wp-json\/wp\/v2\/types\/post"}],"author":[{"embeddable":true,"href":"https:\/\/lahora.mx\/index.php\/wp-json\/wp\/v2\/users\/4"}],"replies":[{"embeddable":true,"href":"https:\/\/lahora.mx\/index.php\/wp-json\/wp\/v2\/comments?post=59760"}],"version-history":[{"count":1,"href":"https:\/\/lahora.mx\/index.php\/wp-json\/wp\/v2\/posts\/59760\/revisions"}],"predecessor-version":[{"id":59762,"href":"https:\/\/lahora.mx\/index.php\/wp-json\/wp\/v2\/posts\/59760\/revisions\/59762"}],"wp:featuredmedia":[{"embeddable":true,"href":"https:\/\/lahora.mx\/index.php\/wp-json\/wp\/v2\/media\/59761"}],"wp:attachment":[{"href":"https:\/\/lahora.mx\/index.php\/wp-json\/wp\/v2\/media?parent=59760"}],"wp:term":[{"taxonomy":"category","embeddable":true,"href":"https:\/\/lahora.mx\/index.php\/wp-json\/wp\/v2\/categories?post=59760"},{"taxonomy":"post_tag","embeddable":true,"href":"https:\/\/lahora.mx\/index.php\/wp-json\/wp\/v2\/tags?post=59760"}],"curies":[{"name":"wp","href":"https:\/\/api.w.org\/{rel}","templated":true}]}}