{"id":59751,"date":"2025-03-13T21:42:42","date_gmt":"2025-03-13T21:42:42","guid":{"rendered":"https:\/\/lahora.mx\/?p=59751"},"modified":"2025-03-13T21:42:43","modified_gmt":"2025-03-13T21:42:43","slug":"acuerda-gobierno-estatal-estrategia-coordinada-de-seguridad-con-mujeres-empresarias","status":"publish","type":"post","link":"https:\/\/lahora.mx\/index.php\/2025\/03\/13\/acuerda-gobierno-estatal-estrategia-coordinada-de-seguridad-con-mujeres-empresarias\/","title":{"rendered":"Acuerda Gobierno estatal estrategia coordinada de seguridad con mujeres empresarias"},"content":{"rendered":"\n<p>La seguridad es fundamental para generar las condiciones para incentivar la inversi\u00f3n, la confianza y los empleos en el Estado de Puebla, con una visi\u00f3n integral de esfuerzos entre los tres niveles de gobierno y con las fuerzas policiales, afirm\u00f3 el gobernador Alejandro Armenta, al encabezar la Mesa de Seguridad con Mujeres Empresarias de Coparmex.<\/p>\n\n\n\n<p>El titular del ejecutivo estatal indic\u00f3 que la reuni\u00f3n de trabajo es resultado de la apertura y la disposici\u00f3n del Gobierno de M\u00e9xico y de Puebla, en coordinaci\u00f3n con la Guardia Nacional, la 25 Zona Militar, la Fiscal\u00eda General del Estado y el Ayuntamiento de Puebla.<\/p>\n\n\n\n<p>\u201cSomos contundentes, firmes y sin protagonismo para tener resultados en Puebla, siempre en coordinaci\u00f3n con las fuerzas policiales de todos los niveles de gobierno, para impulsar pol\u00edticas de Estado que normalicen e impulsen la participaci\u00f3n de las mujeres\u201d, asegur\u00f3 el gobernador Alejandro Armenta.<\/p>\n\n\n\n<p>Alejandro Armenta subray\u00f3 que el poder se utiliza para servir a los dem\u00e1s no para corromper, ya que as\u00ed lo establece la pol\u00edtica de la presidenta Claudia Sheinbaum, jefa de las fuerzas armadas y la inspiraci\u00f3n de las mujeres mexicanas. \u201cInspiraci\u00f3n porque dio paso para que las mujeres sean presidentas municipales, secretarias de Estado, magistradas, fiscales. Con una participaci\u00f3n activa en las decisiones de su entorno. Es tiempo de mujeres\u201d, asever\u00f3 el gobernador.<\/p>\n\n\n\n<p>El mandatario poblano puntualiz\u00f3 que la seguridad es el punto de partida para generar condiciones de desarrollo en todos los \u00e1mbitos, por ello est\u00e1n con las mujeres, con sentido com\u00fan aplicando la ley.<\/p>\n\n\n\n<p>En este sentido explic\u00f3 que en Puebla se crearon las Casas Carmen Serd\u00e1n como instrumento de atenci\u00f3n, prevenci\u00f3n a la violencia, as\u00ed como para evitar los feminicidios, y por ello dijo se abrir\u00e1 la participaci\u00f3n de Coparmex para complementar servicios como la incorporaci\u00f3n laboral o productiva.<\/p>\n\n\n\n<p>La presidenta de Coparmex, Bety Camacho, afirm\u00f3 que las mujeres empresarias implica tambi\u00e9n la conciencia de distribuir la riqueza de forma equitativa junto a pol\u00edticas p\u00fablicas que promuevan estas acciones con seguridad.<\/p>\n","protected":false},"excerpt":{"rendered":"<p>La seguridad es fundamental para generar las condiciones para incentivar la inversi\u00f3n, la confianza y los empleos en el Estado de Puebla, con una visi\u00f3n integral de esfuerzos entre los tres niveles de gobierno y con las fuerzas policiales, afirm\u00f3 el gobernador Alejandro Armenta, al encabezar la Mesa de Seguridad con Mujeres Empresarias de Coparmex. [&hellip;]<\/p>\n","protected":false},"author":4,"featured_media":59752,"comment_status":"open","ping_status":"open","sticky":false,"template":"","format":"standard","meta":{"om_disable_all_campaigns":false,"_monsterinsights_skip_tracking":false,"_monsterinsights_sitenote_active":false,"_monsterinsights_sitenote_note":"","_monsterinsights_sitenote_category":0,"footnotes":""},"categories":[175],"tags":[239,223],"class_list":["post-59751","post","type-post","status-publish","format-standard","has-post-thumbnail","hentry","category-local","tag-gobierno","tag-puebla"],"amp_enabled":true,"_links":{"self":[{"href":"https:\/\/lahora.mx\/index.php\/wp-json\/wp\/v2\/posts\/59751","targetHints":{"allow":["GET"]}}],"collection":[{"href":"https:\/\/lahora.mx\/index.php\/wp-json\/wp\/v2\/posts"}],"about":[{"href":"https:\/\/lahora.mx\/index.php\/wp-json\/wp\/v2\/types\/post"}],"author":[{"embeddable":true,"href":"https:\/\/lahora.mx\/index.php\/wp-json\/wp\/v2\/users\/4"}],"replies":[{"embeddable":true,"href":"https:\/\/lahora.mx\/index.php\/wp-json\/wp\/v2\/comments?post=59751"}],"version-history":[{"count":1,"href":"https:\/\/lahora.mx\/index.php\/wp-json\/wp\/v2\/posts\/59751\/revisions"}],"predecessor-version":[{"id":59753,"href":"https:\/\/lahora.mx\/index.php\/wp-json\/wp\/v2\/posts\/59751\/revisions\/59753"}],"wp:featuredmedia":[{"embeddable":true,"href":"https:\/\/lahora.mx\/index.php\/wp-json\/wp\/v2\/media\/59752"}],"wp:attachment":[{"href":"https:\/\/lahora.mx\/index.php\/wp-json\/wp\/v2\/media?parent=59751"}],"wp:term":[{"taxonomy":"category","embeddable":true,"href":"https:\/\/lahora.mx\/index.php\/wp-json\/wp\/v2\/categories?post=59751"},{"taxonomy":"post_tag","embeddable":true,"href":"https:\/\/lahora.mx\/index.php\/wp-json\/wp\/v2\/tags?post=59751"}],"curies":[{"name":"wp","href":"https:\/\/api.w.org\/{rel}","templated":true}]}}