{"id":59748,"date":"2025-03-13T21:04:14","date_gmt":"2025-03-13T21:04:14","guid":{"rendered":"https:\/\/lahora.mx\/?p=59748"},"modified":"2025-03-13T21:04:15","modified_gmt":"2025-03-13T21:04:15","slug":"paro-estudiantil-en-la-buap-frena-convocatoria-de-admision-2025","status":"publish","type":"post","link":"https:\/\/lahora.mx\/index.php\/2025\/03\/13\/paro-estudiantil-en-la-buap-frena-convocatoria-de-admision-2025\/","title":{"rendered":"Paro estudiantil en la BUAP frena convocatoria de admisi\u00f3n 2025"},"content":{"rendered":"\n<p>La rectora de la Benem\u00e9rita Universidad Aut\u00f3noma de Puebla (BUAP), Lilia Cedillo Ram\u00edrez,\u00a0<strong>dio a conocer que el proceso de admisi\u00f3n para el ciclo 2025-2026 no se emitir\u00e1 mientras las instalaciones de Ciudad Universitaria permanezcan tomadas<\/strong>.\u00a0\u00a0<\/p>\n\n\n\n<p>Seg\u00fan Cedillo Ram\u00edrez,&nbsp;<strong>el paro estudiantil que sigue vigente en la m\u00e1xima casa de estudios impactar\u00e1 en el proceso de admisi\u00f3n de este a\u00f1o<\/strong>.&nbsp;&nbsp;<\/p>\n\n\n\n<p><strong>La rectora asegur\u00f3 que es necesario ingresar a las oficinas de la Direcci\u00f3n de Administraci\u00f3n Escolar (DAE)<\/strong>, ubicadas en Ciudad Universitaria, para realizar los tr\u00e1mites correspondientes.&nbsp;&nbsp;<\/p>\n\n\n\n<p>En ese sentido,\u00a0<strong>Cedillo Ram\u00edrez precis\u00f3 que este 2025 la BUAP tiene previsto admitir a m\u00e1s de 40 mil alumnas y alumnos<\/strong>. Adem\u00e1s, dijo que se espera atender a m\u00e1s de 70 mil aspirantes.\u00a0\u00a0<br>No obstante, debido al paro estudiantil,&nbsp;<strong>el ingreso de las y los universitarios est\u00e1 en riesgo<\/strong>, pues el proceso de admisi\u00f3n est\u00e1 condicionado a la resoluci\u00f3n del paro.&nbsp;&nbsp;<\/p>\n\n\n\n<p>En ese sentido,&nbsp;<strong>la rectora de la BUAP pidi\u00f3 a las y los estudiantes que permanecen en el paro que conf\u00eden en las mesas de di\u00e1logo<\/strong>&nbsp;implementadas por la instituci\u00f3n.&nbsp;&nbsp;<\/p>\n\n\n\n<p>Afirm\u00f3 que su objetivo es agotar todos<strong>&nbsp;los esfuerzos de di\u00e1logo para alcanzar una resoluci\u00f3n pronta al conflicto interno de la universidad<\/strong>.&nbsp;&nbsp;<\/p>\n\n\n\n<p>Pidi\u00f3 al alumnado un voto de confianza en las autoridades acad\u00e9micas,&nbsp;<strong>pues dijo que \u201cde ninguna manera van a desatender las demandas\u201d.<\/strong>&nbsp;&nbsp;<\/p>\n\n\n\n<p>Cabe recordar que el paro estudiantil en la BUAP inici\u00f3 a finales de febrero,\u00a0<strong>cuando el estudiantado de la Facultad de Medicina detuvo sus labores acad\u00e9micas a partir de sus exigencias por mejorar la calidad educativa<\/strong>\u00a0y ampliar las plazas de servicio social y pr\u00e1cticas profesionales.\u00a0\u00a0<br>El proceso de admisi\u00f3n en la BUAP se publica todos los a\u00f1os, y\u00a0<strong>el periodo en que regularmente se dan a conocer las bases es en los primeros meses del a\u00f1o<\/strong>, aunque las pruebas se realizan usualmente en mayo.\u00a0<\/p>\n","protected":false},"excerpt":{"rendered":"<p>La rectora de la Benem\u00e9rita Universidad Aut\u00f3noma de Puebla (BUAP), Lilia Cedillo Ram\u00edrez,\u00a0dio a conocer que el proceso de admisi\u00f3n para el ciclo 2025-2026 no se emitir\u00e1 mientras las instalaciones de Ciudad Universitaria permanezcan tomadas.\u00a0\u00a0 Seg\u00fan Cedillo Ram\u00edrez,&nbsp;el paro estudiantil que sigue vigente en la m\u00e1xima casa de estudios impactar\u00e1 en el proceso de admisi\u00f3n [&hellip;]<\/p>\n","protected":false},"author":4,"featured_media":59749,"comment_status":"open","ping_status":"open","sticky":false,"template":"","format":"standard","meta":{"om_disable_all_campaigns":false,"_monsterinsights_skip_tracking":false,"_monsterinsights_sitenote_active":false,"_monsterinsights_sitenote_note":"","_monsterinsights_sitenote_category":0,"footnotes":""},"categories":[175],"tags":[186,195,223],"class_list":["post-59748","post","type-post","status-publish","format-standard","has-post-thumbnail","hentry","category-local","tag-buap","tag-principal","tag-puebla"],"amp_enabled":true,"_links":{"self":[{"href":"https:\/\/lahora.mx\/index.php\/wp-json\/wp\/v2\/posts\/59748","targetHints":{"allow":["GET"]}}],"collection":[{"href":"https:\/\/lahora.mx\/index.php\/wp-json\/wp\/v2\/posts"}],"about":[{"href":"https:\/\/lahora.mx\/index.php\/wp-json\/wp\/v2\/types\/post"}],"author":[{"embeddable":true,"href":"https:\/\/lahora.mx\/index.php\/wp-json\/wp\/v2\/users\/4"}],"replies":[{"embeddable":true,"href":"https:\/\/lahora.mx\/index.php\/wp-json\/wp\/v2\/comments?post=59748"}],"version-history":[{"count":1,"href":"https:\/\/lahora.mx\/index.php\/wp-json\/wp\/v2\/posts\/59748\/revisions"}],"predecessor-version":[{"id":59750,"href":"https:\/\/lahora.mx\/index.php\/wp-json\/wp\/v2\/posts\/59748\/revisions\/59750"}],"wp:featuredmedia":[{"embeddable":true,"href":"https:\/\/lahora.mx\/index.php\/wp-json\/wp\/v2\/media\/59749"}],"wp:attachment":[{"href":"https:\/\/lahora.mx\/index.php\/wp-json\/wp\/v2\/media?parent=59748"}],"wp:term":[{"taxonomy":"category","embeddable":true,"href":"https:\/\/lahora.mx\/index.php\/wp-json\/wp\/v2\/categories?post=59748"},{"taxonomy":"post_tag","embeddable":true,"href":"https:\/\/lahora.mx\/index.php\/wp-json\/wp\/v2\/tags?post=59748"}],"curies":[{"name":"wp","href":"https:\/\/api.w.org\/{rel}","templated":true}]}}