{"id":59745,"date":"2025-03-13T21:02:44","date_gmt":"2025-03-13T21:02:44","guid":{"rendered":"https:\/\/lahora.mx\/?p=59745"},"modified":"2025-03-13T21:02:45","modified_gmt":"2025-03-13T21:02:45","slug":"polemico-gesto-en-el-atletismo-empujo-a-su-rival-en-la-meta","status":"publish","type":"post","link":"https:\/\/lahora.mx\/index.php\/2025\/03\/13\/polemico-gesto-en-el-atletismo-empujo-a-su-rival-en-la-meta\/","title":{"rendered":"Pol\u00e9mico gesto en el atletismo: empuj\u00f3 a su rival en la meta"},"content":{"rendered":"\n<p>Un hecho pol\u00e9mico se suscit\u00f3 en los 1500 metros del\u00a0<strong>Campeonato de Espa\u00f1a Sub-20 de Pista Cubierta<\/strong>, cuando uno de los competidores empuj\u00f3 al que iba enfrente a cent\u00edmetros de la meta y fue descalificado.<br>L\u00f3pez alz\u00f3 la mano y despu\u00e9s hizo un adem\u00e1n. A pesar de la ca\u00edda, finaliz\u00f3 en segundo lugar con un tiempo de 3:55.48. Mientras que su rival fue descalificado (DQ) por conducta antideportiva, seg\u00fan el art\u00edculo RC RT7.1 del reglamento de atletismo.<\/p>\n\n\n\n<p>\u201cLos atletas y los equipos de relevos&nbsp;participar\u00e1n en las competiciones de atletismo de buena fe y no actuar\u00e1n con una conducta antideportiva o inapropiada.&nbsp;Cualquier atleta o equipo de relevos que no cumpla esta Regla&nbsp;puede ser advertido o descalificado\u201d, cita el art\u00edculo.<\/p>\n\n\n\n<p>En el video que circula en redes sociales, se aprecia el momento del&nbsp;<strong>empuj\u00f3n<\/strong>, aunque algunas personas comentan que hubo una \u201cposible invasi\u00f3n de carril\u201d.<\/p>\n\n\n\n<p>\u201cSe puede observar que el deportista que fue empujado tambi\u00e9n le estaba cercenando el paso para que el otro atleta no lo rebasara, all\u00ed es la pregunta, \u00bfqui\u00e9n realmente es el que realiz\u00f3 la falta?\u201d, cuestion\u00f3 una persona.<br>El medio&nbsp;<em>Marca<\/em>&nbsp;indic\u00f3 que ambos atletas hab\u00edan tenido un \u201c<strong>encontronazo<\/strong>&nbsp;a lo largo de la carrera, en la \u00faltima vuelta, en un momento de adelantamiento\u201d.<\/p>\n\n\n\n<p>El incidente se dio el pasado 9 de marzo de 2025 en Salamanca, Espa\u00f1a, donde el ganador fue&nbsp;<strong>Guillermo S\u00e1nchez Ruiz<\/strong>&nbsp;con un tiempo de 3:54.55.<\/p>\n","protected":false},"excerpt":{"rendered":"<p>Un hecho pol\u00e9mico se suscit\u00f3 en los 1500 metros del\u00a0Campeonato de Espa\u00f1a Sub-20 de Pista Cubierta, cuando uno de los competidores empuj\u00f3 al que iba enfrente a cent\u00edmetros de la meta y fue descalificado.L\u00f3pez alz\u00f3 la mano y despu\u00e9s hizo un adem\u00e1n. A pesar de la ca\u00edda, finaliz\u00f3 en segundo lugar con un tiempo de [&hellip;]<\/p>\n","protected":false},"author":4,"featured_media":59746,"comment_status":"open","ping_status":"open","sticky":false,"template":"","format":"standard","meta":{"om_disable_all_campaigns":false,"_monsterinsights_skip_tracking":false,"_monsterinsights_sitenote_active":false,"_monsterinsights_sitenote_note":"","_monsterinsights_sitenote_category":0,"footnotes":""},"categories":[175,6],"tags":[142],"class_list":["post-59745","post","type-post","status-publish","format-standard","has-post-thumbnail","hentry","category-local","category-sports","tag-sports"],"amp_enabled":true,"_links":{"self":[{"href":"https:\/\/lahora.mx\/index.php\/wp-json\/wp\/v2\/posts\/59745","targetHints":{"allow":["GET"]}}],"collection":[{"href":"https:\/\/lahora.mx\/index.php\/wp-json\/wp\/v2\/posts"}],"about":[{"href":"https:\/\/lahora.mx\/index.php\/wp-json\/wp\/v2\/types\/post"}],"author":[{"embeddable":true,"href":"https:\/\/lahora.mx\/index.php\/wp-json\/wp\/v2\/users\/4"}],"replies":[{"embeddable":true,"href":"https:\/\/lahora.mx\/index.php\/wp-json\/wp\/v2\/comments?post=59745"}],"version-history":[{"count":1,"href":"https:\/\/lahora.mx\/index.php\/wp-json\/wp\/v2\/posts\/59745\/revisions"}],"predecessor-version":[{"id":59747,"href":"https:\/\/lahora.mx\/index.php\/wp-json\/wp\/v2\/posts\/59745\/revisions\/59747"}],"wp:featuredmedia":[{"embeddable":true,"href":"https:\/\/lahora.mx\/index.php\/wp-json\/wp\/v2\/media\/59746"}],"wp:attachment":[{"href":"https:\/\/lahora.mx\/index.php\/wp-json\/wp\/v2\/media?parent=59745"}],"wp:term":[{"taxonomy":"category","embeddable":true,"href":"https:\/\/lahora.mx\/index.php\/wp-json\/wp\/v2\/categories?post=59745"},{"taxonomy":"post_tag","embeddable":true,"href":"https:\/\/lahora.mx\/index.php\/wp-json\/wp\/v2\/tags?post=59745"}],"curies":[{"name":"wp","href":"https:\/\/api.w.org\/{rel}","templated":true}]}}