{"id":59739,"date":"2025-03-13T18:27:47","date_gmt":"2025-03-13T18:27:47","guid":{"rendered":"https:\/\/lahora.mx\/?p=59739"},"modified":"2025-03-13T18:27:47","modified_gmt":"2025-03-13T18:27:47","slug":"el-senado-designara-a-dos-magistrados-del-tribunal-electoral-de-puebla-el-31-de-marzo","status":"publish","type":"post","link":"https:\/\/lahora.mx\/index.php\/2025\/03\/13\/el-senado-designara-a-dos-magistrados-del-tribunal-electoral-de-puebla-el-31-de-marzo\/","title":{"rendered":"El Senado designar\u00e1 a dos magistrados del Tribunal Electoral de Puebla el 31 de marzo"},"content":{"rendered":"\n<p>El\u00a0<strong>Tribunal Electoral del Poder Judicial de la Federaci\u00f3n (TEPJF) confirm\u00f3 la convocatoria del Senado de la Rep\u00fablica\u00a0<\/strong>para la d<strong>esignaci\u00f3n de dos\u00a0magistraturas\u00a0en el Tribunal Electoral del Estado de Puebla (TEEP)\u00a0<\/strong>para los siguientes siete a\u00f1os, la cual fue refutada por la magistrada en funciones del TEEP,\u00a0<strong>Isabel Carre\u00f3n Ponce de Le\u00f3n.<\/strong><\/p>\n\n\n\n<p>El pasado 5 de marzo, el Senado emiti\u00f3 dicha convocatoria y, cuatro d\u00edas despu\u00e9s, Ponce de Le\u00f3n promovi\u00f3 un juicio para la protecci\u00f3n de los derechos pol\u00edtico-electorales en contra del acuerdo de la Junta de Coordinaci\u00f3n Pol\u00edtica del Senado, por el cual&nbsp;<strong>se convoc\u00f3 a los interesados en ocupar una magistratura del TEEP.&nbsp;<\/strong><\/p>\n\n\n\n<p>La queja, registrada con el folio\u00a0<strong>SUP-JDC-1600\/2025 fue desechada este mi\u00e9rcoles<\/strong>\u00a0por las magistraturas de la Sala Superior del TEPJF, por lo que<strong>\u00a0la convocatoria del Senado seguir\u00e1 su curso sin modificaciones.<\/strong>\u00a0Cabe mencionar que,\u00a0<strong>el tribunal omiti\u00f3 los motivos por los cu\u00e1les la magistrada en Puebla contravino el documento.<\/strong><br>En tanto, respecto al contenido de la convocatoria, esta es para la&nbsp;<strong>renovaci\u00f3n de 56 magistraturas en diferentes entidades del pa\u00eds, entre ellas Puebla,&nbsp;<\/strong>en donde se designar\u00e1n a&nbsp;<strong>dos nuevas magistraturas en el tribunal electoral local.&nbsp;<\/strong><\/p>\n\n\n\n<p>Algunos requisitos que deben cumplir los aspirantes son:<strong>&nbsp;tener 35 a\u00f1os cumplidos al d\u00eda de la designaci\u00f3n, tener una antig\u00fcedad de 10 a\u00f1os como profesional en Derecho, no haber sido gobernador, senador o diputado, y no haberse desempe\u00f1ado como dirigente estatal, nacional o municipal de alg\u00fan partido pol\u00edtico.&nbsp;<\/strong><\/p>\n\n\n\n<p>Asimismo, la convocatoria establece que los&nbsp;<strong>aspirantes podr\u00e1n registrarse hasta el pr\u00f3ximo 13 de marzo<\/strong>. Del<strong>&nbsp;14 al 18 del mismo mes, el Senado definir\u00e1 a quienes acreditaron los requisitos<\/strong>&nbsp;y, del&nbsp;<strong>20 al 26 de marzo, los finalistas deber\u00e1n comparecer ante la Comisi\u00f3n de Justicia.&nbsp;<\/strong><\/p>\n\n\n\n<p>Finalmente, el&nbsp;<strong>31 de marzo del presente a\u00f1o, la Mesa Directiva del Senado propondr\u00e1 al Pleno los candidatos que considere elegibles.<\/strong>&nbsp;Las personas que sean electas por el Poder Legislativo rendir\u00e1n protesta en la misma sesi\u00f3n.&nbsp;<\/p>\n","protected":false},"excerpt":{"rendered":"<p>El\u00a0Tribunal Electoral del Poder Judicial de la Federaci\u00f3n (TEPJF) confirm\u00f3 la convocatoria del Senado de la Rep\u00fablica\u00a0para la designaci\u00f3n de dos\u00a0magistraturas\u00a0en el Tribunal Electoral del Estado de Puebla (TEEP)\u00a0para los siguientes siete a\u00f1os, la cual fue refutada por la magistrada en funciones del TEEP,\u00a0Isabel Carre\u00f3n Ponce de Le\u00f3n. El pasado 5 de marzo, el Senado [&hellip;]<\/p>\n","protected":false},"author":4,"featured_media":59740,"comment_status":"open","ping_status":"open","sticky":false,"template":"","format":"standard","meta":{"om_disable_all_campaigns":false,"_monsterinsights_skip_tracking":false,"_monsterinsights_sitenote_active":false,"_monsterinsights_sitenote_note":"","_monsterinsights_sitenote_category":0,"footnotes":""},"categories":[175],"tags":[],"class_list":["post-59739","post","type-post","status-publish","format-standard","has-post-thumbnail","hentry","category-local"],"amp_enabled":true,"_links":{"self":[{"href":"https:\/\/lahora.mx\/index.php\/wp-json\/wp\/v2\/posts\/59739","targetHints":{"allow":["GET"]}}],"collection":[{"href":"https:\/\/lahora.mx\/index.php\/wp-json\/wp\/v2\/posts"}],"about":[{"href":"https:\/\/lahora.mx\/index.php\/wp-json\/wp\/v2\/types\/post"}],"author":[{"embeddable":true,"href":"https:\/\/lahora.mx\/index.php\/wp-json\/wp\/v2\/users\/4"}],"replies":[{"embeddable":true,"href":"https:\/\/lahora.mx\/index.php\/wp-json\/wp\/v2\/comments?post=59739"}],"version-history":[{"count":1,"href":"https:\/\/lahora.mx\/index.php\/wp-json\/wp\/v2\/posts\/59739\/revisions"}],"predecessor-version":[{"id":59741,"href":"https:\/\/lahora.mx\/index.php\/wp-json\/wp\/v2\/posts\/59739\/revisions\/59741"}],"wp:featuredmedia":[{"embeddable":true,"href":"https:\/\/lahora.mx\/index.php\/wp-json\/wp\/v2\/media\/59740"}],"wp:attachment":[{"href":"https:\/\/lahora.mx\/index.php\/wp-json\/wp\/v2\/media?parent=59739"}],"wp:term":[{"taxonomy":"category","embeddable":true,"href":"https:\/\/lahora.mx\/index.php\/wp-json\/wp\/v2\/categories?post=59739"},{"taxonomy":"post_tag","embeddable":true,"href":"https:\/\/lahora.mx\/index.php\/wp-json\/wp\/v2\/tags?post=59739"}],"curies":[{"name":"wp","href":"https:\/\/api.w.org\/{rel}","templated":true}]}}