{"id":59733,"date":"2025-03-13T17:59:05","date_gmt":"2025-03-13T17:59:05","guid":{"rendered":"https:\/\/lahora.mx\/?p=59733"},"modified":"2025-03-13T17:59:06","modified_gmt":"2025-03-13T17:59:06","slug":"paro-buap-claudia-sheinbaum-llama-a-priorizar-el-dialogo","status":"publish","type":"post","link":"https:\/\/lahora.mx\/index.php\/2025\/03\/13\/paro-buap-claudia-sheinbaum-llama-a-priorizar-el-dialogo\/","title":{"rendered":"Paro BUAP: Claudia Sheinbaum llama a priorizar el di\u00e1logo"},"content":{"rendered":"\n<p>La presidenta\u00a0<strong>Claudia Sheinbaum<\/strong>\u00a0hizo un llamado a\u00a0<strong>priorizar el di\u00e1logo<\/strong>\u00a0en el\u00a0paro estudiantil de la BUAP\u00a0y asegur\u00f3 que se\u00a0<strong>respetar\u00e1 su autonom\u00eda<\/strong>.<\/p>\n\n\n\n<p>As\u00ed lo declar\u00f3 en la ma\u00f1anera del pueblo de hoy, al indicar que es importante que se llegue a&nbsp;<strong>acuerdos entre los estudiantes y las autoridades acad\u00e9micas<\/strong>&nbsp;para comenzar a atender sus demandas.<\/p>\n\n\n\n<p>\u00abLo m\u00e1s importante es el\u00a0<strong>di\u00e1logo<\/strong>\u00a0y\u00a0atender las demandas justas de los estudiantes, en algunos casos hay demandas que no se pueden cumplir por presupuesto (&#8230;) pues aqu\u00ed es importante si ese es el caso, pues que se pueda hacer un\u00a0<strong>programa de reorientaci\u00f3n<\/strong>\u00a0de recursos, si es que as\u00ed est\u00e1 la situaci\u00f3n\u00bb, coment\u00f3.<br>En este sentido, indic\u00f3 que hay\u00a0demandas\u00a0que no se llegan a cumplir por\u00a0<strong>falta de presupuesto<\/strong>, por lo que recomend\u00f3 que se\u00a0<strong>reorienten recursos<\/strong>.<\/p>\n\n\n\n<p>Asimismo, asegur\u00f3 que su&nbsp;<strong>autonom\u00eda<\/strong>&nbsp;se va a respetar por parte del&nbsp;<strong>estado y Federaci\u00f3n<\/strong>, solo en caso de que lo&nbsp;<strong>soliciten<\/strong>&nbsp;ambas partes se involucrar\u00e1n.<\/p>\n\n\n\n<p>\u00abLa\u00a0<strong>universidad de Puebla, la Benem\u00e9rita<\/strong>, igual que muchas otras universidades p\u00fablicas son aut\u00f3nomas. Entonces el gobierno estatal y federal participan si es que las partes solicitan su participaci\u00f3n\u00bb, expuso.<\/p>\n\n\n\n<p>Ya son\u00a0<strong>tres semanas<\/strong>\u00a0del\u00a0paro estudiantil de la BUAP\u00a0en Ciudad Universitaria y otras facultades; solicitan\u00a0<strong>mejores condiciones de infraestructura<\/strong>\u00a0y acad\u00e9micas para tener una buena educaci\u00f3n.<\/p>\n\n\n\n<p>Sin embargo, con las&nbsp;<strong>mesas de di\u00e1logo<\/strong>&nbsp;que se han instalado, se ha recibido alrededor de&nbsp;&nbsp;<strong>22 pliegos petitorios<\/strong>&nbsp;y hasta la edici\u00f3n de esta nota solo la&nbsp;<strong>Facultad de Administraci\u00f3n<\/strong>&nbsp;ha sido la primera que ha levantado su&nbsp;<strong>paro de actividades<\/strong>.<\/p>\n","protected":false},"excerpt":{"rendered":"<p>La presidenta\u00a0Claudia Sheinbaum\u00a0hizo un llamado a\u00a0priorizar el di\u00e1logo\u00a0en el\u00a0paro estudiantil de la BUAP\u00a0y asegur\u00f3 que se\u00a0respetar\u00e1 su autonom\u00eda. As\u00ed lo declar\u00f3 en la ma\u00f1anera del pueblo de hoy, al indicar que es importante que se llegue a&nbsp;acuerdos entre los estudiantes y las autoridades acad\u00e9micas&nbsp;para comenzar a atender sus demandas. \u00abLo m\u00e1s importante es el\u00a0di\u00e1logo\u00a0y\u00a0atender las [&hellip;]<\/p>\n","protected":false},"author":4,"featured_media":59734,"comment_status":"open","ping_status":"open","sticky":false,"template":"","format":"standard","meta":{"om_disable_all_campaigns":false,"_monsterinsights_skip_tracking":false,"_monsterinsights_sitenote_active":false,"_monsterinsights_sitenote_note":"","_monsterinsights_sitenote_category":0,"footnotes":""},"categories":[175],"tags":[195,223],"class_list":["post-59733","post","type-post","status-publish","format-standard","has-post-thumbnail","hentry","category-local","tag-principal","tag-puebla"],"amp_enabled":true,"_links":{"self":[{"href":"https:\/\/lahora.mx\/index.php\/wp-json\/wp\/v2\/posts\/59733","targetHints":{"allow":["GET"]}}],"collection":[{"href":"https:\/\/lahora.mx\/index.php\/wp-json\/wp\/v2\/posts"}],"about":[{"href":"https:\/\/lahora.mx\/index.php\/wp-json\/wp\/v2\/types\/post"}],"author":[{"embeddable":true,"href":"https:\/\/lahora.mx\/index.php\/wp-json\/wp\/v2\/users\/4"}],"replies":[{"embeddable":true,"href":"https:\/\/lahora.mx\/index.php\/wp-json\/wp\/v2\/comments?post=59733"}],"version-history":[{"count":1,"href":"https:\/\/lahora.mx\/index.php\/wp-json\/wp\/v2\/posts\/59733\/revisions"}],"predecessor-version":[{"id":59735,"href":"https:\/\/lahora.mx\/index.php\/wp-json\/wp\/v2\/posts\/59733\/revisions\/59735"}],"wp:featuredmedia":[{"embeddable":true,"href":"https:\/\/lahora.mx\/index.php\/wp-json\/wp\/v2\/media\/59734"}],"wp:attachment":[{"href":"https:\/\/lahora.mx\/index.php\/wp-json\/wp\/v2\/media?parent=59733"}],"wp:term":[{"taxonomy":"category","embeddable":true,"href":"https:\/\/lahora.mx\/index.php\/wp-json\/wp\/v2\/categories?post=59733"},{"taxonomy":"post_tag","embeddable":true,"href":"https:\/\/lahora.mx\/index.php\/wp-json\/wp\/v2\/tags?post=59733"}],"curies":[{"name":"wp","href":"https:\/\/api.w.org\/{rel}","templated":true}]}}