{"id":59722,"date":"2025-03-13T16:36:59","date_gmt":"2025-03-13T16:36:59","guid":{"rendered":"https:\/\/lahora.mx\/?p=59722"},"modified":"2025-03-13T16:36:59","modified_gmt":"2025-03-13T16:36:59","slug":"aseguran-transporte-pirata-en-la-via-atlixcayotl","status":"publish","type":"post","link":"https:\/\/lahora.mx\/index.php\/2025\/03\/13\/aseguran-transporte-pirata-en-la-via-atlixcayotl\/","title":{"rendered":"Aseguran transporte pirata en la V\u00eda Atlixc\u00e1yotl"},"content":{"rendered":"\n<p><strong><br>Tres veh\u00edculos<\/strong>\u00a0utilizados para el t<strong>ransporte irregular\u00a0<\/strong>fueron\u00a0<strong>asegurados en la V\u00eda Atlixc\u00e1yotl<\/strong><strong>,\u00a0<\/strong>a la altura de\u00a0<strong>San Andr\u00e9s Cholula,<\/strong>\u00a0durante un operativo conjunto de la Secretar\u00eda de Seguridad P\u00fablica<strong>\u00a0(SSP<\/strong>), la Secretar\u00eda de Marina\u00a0<strong>(Semar)\u00a0<\/strong>y la\u00a0<strong>Polic\u00eda Municipal<\/strong>.<\/p>\n\n\n\n<p>La puesta a disposici\u00f3n ocurri\u00f3 la ma\u00f1ana de este jueves, cuand<strong>o dos camionetas tipo van<\/strong>&nbsp;y una&nbsp;<strong>Toyota<\/strong>&nbsp;<strong>Suv&nbsp;<\/strong>fueron detectadas<strong>prestando servicio sin los permisos<\/strong>&nbsp;correspondientes.<\/p>\n\n\n\n<p>Los<strong>&nbsp;veh\u00edculos fueron retirados con gr\u00faas<\/strong>&nbsp;en presencia de elementos de seguridad, quienes tambi\u00e9n contaron con apoyo de la Marina.<\/p>\n\n\n\n<p>De acuerdo con reportes ciudadanos, el transporte pirata en la zona, es una\u00a0<strong>alternativa utilizada\u00a0<\/strong>diariamente por pasajeros que buscan opciones de\u00a0movilidad,\u00a0aunque sus\u00a0<strong>tarifas pueden llegar hasta los 25 pesos por recorrido<\/strong>.<br>Las autoridades han realizado diversos operativos para combatir el transporte\u00a0<strong>sin concesi\u00f3<\/strong>n en corredores como la\u00a0<strong>V\u00eda Atlixc\u00e1yotl y el Perif\u00e9rico Ecol\u00f3gico<\/strong>. Sin embargo, los usuarios se\u00f1alan que persiste la necesidad de mejorar las opciones de movilidad en la zona.<\/p>\n\n\n\n<p>Este es el&nbsp;<strong>primer operativo del a\u00f1o<\/strong>&nbsp;en el que participan los tres \u00f3rdenes de gobierno para la detecci\u00f3n y aseguramiento de unidades que operan de manera irregular.&nbsp;<\/p>\n","protected":false},"excerpt":{"rendered":"<p>Tres veh\u00edculos\u00a0utilizados para el transporte irregular\u00a0fueron\u00a0asegurados en la V\u00eda Atlixc\u00e1yotl,\u00a0a la altura de\u00a0San Andr\u00e9s Cholula,\u00a0durante un operativo conjunto de la Secretar\u00eda de Seguridad P\u00fablica\u00a0(SSP), la Secretar\u00eda de Marina\u00a0(Semar)\u00a0y la\u00a0Polic\u00eda Municipal. La puesta a disposici\u00f3n ocurri\u00f3 la ma\u00f1ana de este jueves, cuando dos camionetas tipo van&nbsp;y una&nbsp;Toyota&nbsp;Suv&nbsp;fueron detectadasprestando servicio sin los permisos&nbsp;correspondientes. Los&nbsp;veh\u00edculos fueron retirados con [&hellip;]<\/p>\n","protected":false},"author":4,"featured_media":59723,"comment_status":"open","ping_status":"open","sticky":false,"template":"","format":"standard","meta":{"om_disable_all_campaigns":false,"_monsterinsights_skip_tracking":false,"_monsterinsights_sitenote_active":false,"_monsterinsights_sitenote_note":"","_monsterinsights_sitenote_category":0,"footnotes":""},"categories":[175],"tags":[195,223],"class_list":["post-59722","post","type-post","status-publish","format-standard","has-post-thumbnail","hentry","category-local","tag-principal","tag-puebla"],"amp_enabled":true,"_links":{"self":[{"href":"https:\/\/lahora.mx\/index.php\/wp-json\/wp\/v2\/posts\/59722","targetHints":{"allow":["GET"]}}],"collection":[{"href":"https:\/\/lahora.mx\/index.php\/wp-json\/wp\/v2\/posts"}],"about":[{"href":"https:\/\/lahora.mx\/index.php\/wp-json\/wp\/v2\/types\/post"}],"author":[{"embeddable":true,"href":"https:\/\/lahora.mx\/index.php\/wp-json\/wp\/v2\/users\/4"}],"replies":[{"embeddable":true,"href":"https:\/\/lahora.mx\/index.php\/wp-json\/wp\/v2\/comments?post=59722"}],"version-history":[{"count":1,"href":"https:\/\/lahora.mx\/index.php\/wp-json\/wp\/v2\/posts\/59722\/revisions"}],"predecessor-version":[{"id":59724,"href":"https:\/\/lahora.mx\/index.php\/wp-json\/wp\/v2\/posts\/59722\/revisions\/59724"}],"wp:featuredmedia":[{"embeddable":true,"href":"https:\/\/lahora.mx\/index.php\/wp-json\/wp\/v2\/media\/59723"}],"wp:attachment":[{"href":"https:\/\/lahora.mx\/index.php\/wp-json\/wp\/v2\/media?parent=59722"}],"wp:term":[{"taxonomy":"category","embeddable":true,"href":"https:\/\/lahora.mx\/index.php\/wp-json\/wp\/v2\/categories?post=59722"},{"taxonomy":"post_tag","embeddable":true,"href":"https:\/\/lahora.mx\/index.php\/wp-json\/wp\/v2\/tags?post=59722"}],"curies":[{"name":"wp","href":"https:\/\/api.w.org\/{rel}","templated":true}]}}