{"id":59719,"date":"2025-03-13T01:02:03","date_gmt":"2025-03-13T01:02:03","guid":{"rendered":"https:\/\/lahora.mx\/?p=59719"},"modified":"2025-03-13T01:02:04","modified_gmt":"2025-03-13T01:02:04","slug":"convoca-el-gobierno-de-huamantla-a-guarderias-preescolares-y-primarias-a-participar-en-el-gran-desfile-de-primavera","status":"publish","type":"post","link":"https:\/\/lahora.mx\/index.php\/2025\/03\/13\/convoca-el-gobierno-de-huamantla-a-guarderias-preescolares-y-primarias-a-participar-en-el-gran-desfile-de-primavera\/","title":{"rendered":"Convoca el gobierno de Huamantla a guarder\u00edas preescolares y primarias a participar en el gran desfile de primavera"},"content":{"rendered":"\n<p>El Ayuntamiento de Huamantla, a trav\u00e9s de la Direcci\u00f3n de Bienestar, invita a todas las guarder\u00edas, preescolares y primarias a participar en el tradicional Desfile de Primavera, que se llevar\u00e1 a cabo el viernes 21 de marzo a las 10:00 horas.<\/p>\n\n\n\n<p>Este evento busca celebrar la llegada de la primavera con color, creatividad y entusiasmo. Adem\u00e1s, ofrecer\u00e1 a los menores estudiantes un espacio de expresi\u00f3n y convivencia.<\/p>\n\n\n\n<p>Los contingentes y carros aleg\u00f3ricos deber\u00e1n representar la alegr\u00eda y el esp\u00edritu primaveral a trav\u00e9s de personajes tem\u00e1ticos, elementos naturales y creatividad en su presentaci\u00f3n.<\/p>\n\n\n\n<p>El recorrido ser\u00e1 por las principales calles del municipio, e iniciar\u00e1 en Hidalgo, con vuelta en el parque Ju\u00e1rez y finalizar\u00e1 en El Calvario.<\/p>\n\n\n\n<p>Para garantizar la exhibici\u00f3n, los participantes ser\u00e1n evaluados bajo los siguientes criterios:<\/p>\n\n\n\n<p>\u00b7 Originalidad y creatividad en la propuesta.<br>\u00b7 Vestuario y caracterizaci\u00f3n de los participantes.<br>\u00b7 Calidad y elaboraci\u00f3n del carro aleg\u00f3rico (en caso de aplicar).<br>\u00b7 Coordinaci\u00f3n y organizaci\u00f3n del contingente.<br>\u00b7 Se otorgar\u00e1n puntos adicionales a los grupos que cuenten con m\u00fasica en vivo, como banda de viento o grupos musicales.<br>\u00b7 No se permitir\u00e1 el uso de audios de baja calidad en los carros aleg\u00f3ricos.<\/p>\n\n\n\n<p>El esfuerzo y creatividad de los participantes ser\u00e1n reconocidos con premios en efectivo, destinados al mejoramiento o equipamiento de sus instituciones educativas:<\/p>\n\n\n\n<p>\u00b7 1er lugar: $30,000.00 MXN<\/p>\n\n\n\n<p>\u00b7 2\u00ba lugar: $20,000.00 MXN<\/p>\n\n\n\n<p>\u00b7 3er lugar: $10,000.00 MXN<\/p>\n\n\n\n<p>Las instituciones interesadas deber\u00e1n inscribirse en la Direcci\u00f3n del Bienestar (Educaci\u00f3n, Juventud y Deporte) del municipio de Huamantla, ubicada en el CIS Bulevar Cuamanco esquina con Reforma S\/N, en horario de 9 a 5, o a trav\u00e9s del correo electr\u00f3nico dirbienestar@huamantla.gob.mx . La fecha l\u00edmite de inscripci\u00f3n ser\u00e1 el 17 de marzo de 2025<\/p>\n\n\n\n<p>Cabe destacar que el comit\u00e9 organizador solicita a los participantes respetar las normas de seguridad y log\u00edstica establecidas para el evento. Adem\u00e1s, los jueces ser\u00e1n designados por el Ayuntamiento de Huamantla, y su fallo ser\u00e1 inapelable.<\/p>\n\n\n\n<p>Ante cualquier situaci\u00f3n no prevista en la convocatoria, los interesados podr\u00e1n resolver con el comit\u00e9 organizador o acudir a la Direcci\u00f3n de Educaci\u00f3n, Juventud y Deporte.<\/p>\n","protected":false},"excerpt":{"rendered":"<p>El Ayuntamiento de Huamantla, a trav\u00e9s de la Direcci\u00f3n de Bienestar, invita a todas las guarder\u00edas, preescolares y primarias a participar en el tradicional Desfile de Primavera, que se llevar\u00e1 a cabo el viernes 21 de marzo a las 10:00 horas. Este evento busca celebrar la llegada de la primavera con color, creatividad y entusiasmo. [&hellip;]<\/p>\n","protected":false},"author":4,"featured_media":59720,"comment_status":"open","ping_status":"open","sticky":false,"template":"","format":"standard","meta":{"om_disable_all_campaigns":false,"_monsterinsights_skip_tracking":false,"_monsterinsights_sitenote_active":false,"_monsterinsights_sitenote_note":"","_monsterinsights_sitenote_category":0,"footnotes":""},"categories":[175],"tags":[223,210],"class_list":["post-59719","post","type-post","status-publish","format-standard","has-post-thumbnail","hentry","category-local","tag-puebla","tag-tlaxcala"],"amp_enabled":true,"_links":{"self":[{"href":"https:\/\/lahora.mx\/index.php\/wp-json\/wp\/v2\/posts\/59719","targetHints":{"allow":["GET"]}}],"collection":[{"href":"https:\/\/lahora.mx\/index.php\/wp-json\/wp\/v2\/posts"}],"about":[{"href":"https:\/\/lahora.mx\/index.php\/wp-json\/wp\/v2\/types\/post"}],"author":[{"embeddable":true,"href":"https:\/\/lahora.mx\/index.php\/wp-json\/wp\/v2\/users\/4"}],"replies":[{"embeddable":true,"href":"https:\/\/lahora.mx\/index.php\/wp-json\/wp\/v2\/comments?post=59719"}],"version-history":[{"count":1,"href":"https:\/\/lahora.mx\/index.php\/wp-json\/wp\/v2\/posts\/59719\/revisions"}],"predecessor-version":[{"id":59721,"href":"https:\/\/lahora.mx\/index.php\/wp-json\/wp\/v2\/posts\/59719\/revisions\/59721"}],"wp:featuredmedia":[{"embeddable":true,"href":"https:\/\/lahora.mx\/index.php\/wp-json\/wp\/v2\/media\/59720"}],"wp:attachment":[{"href":"https:\/\/lahora.mx\/index.php\/wp-json\/wp\/v2\/media?parent=59719"}],"wp:term":[{"taxonomy":"category","embeddable":true,"href":"https:\/\/lahora.mx\/index.php\/wp-json\/wp\/v2\/categories?post=59719"},{"taxonomy":"post_tag","embeddable":true,"href":"https:\/\/lahora.mx\/index.php\/wp-json\/wp\/v2\/tags?post=59719"}],"curies":[{"name":"wp","href":"https:\/\/api.w.org\/{rel}","templated":true}]}}