{"id":59716,"date":"2025-03-13T00:42:27","date_gmt":"2025-03-13T00:42:27","guid":{"rendered":"https:\/\/lahora.mx\/?p=59716"},"modified":"2025-03-13T00:42:28","modified_gmt":"2025-03-13T00:42:28","slug":"lupita-cuautle-impulsa-becas-y-desarrollo-educativo-en-san-andres-cholula","status":"publish","type":"post","link":"https:\/\/lahora.mx\/index.php\/2025\/03\/13\/lupita-cuautle-impulsa-becas-y-desarrollo-educativo-en-san-andres-cholula\/","title":{"rendered":"Lupita Cuautle impulsa becas y desarrollo educativo en San Andr\u00e9s Cholula"},"content":{"rendered":"\n<p>La alcaldesa&nbsp;<strong>Lupita Cuautle<\/strong>&nbsp;impulsar\u00e1 el desarrollo educativo en&nbsp;<strong>San Andr\u00e9s Cholula&nbsp;<\/strong>junto con universidades privadas. Incentivar\u00e1n el&nbsp;<strong>desarrollo urbano sustentable<\/strong>,&nbsp;<strong>campa\u00f1as de concientizaci\u00f3n<\/strong>&nbsp;y fortalecimiento acad\u00e9mico. Tambi\u00e9n dar\u00e1n apoyo a estudiantes de bachiller con&nbsp;<strong>becas<\/strong>.<\/p>\n\n\n\n<p>Durante la primera sesi\u00f3n de la\u00a0<strong>Agenda San Andr\u00e9s, Ciudad de la Ciencia y la Educaci\u00f3n<\/strong>, Lupita Cuautle plante\u00f3 impulsar la preparaci\u00f3n universitaria de estudiantes de bachillerato. Con el fin de brindarles un futuro a los estudian con m\u00e1s oportunidades, les dar\u00e1n\u00a0becas.\u00a0<\/p>\n\n\n\n<p>En la mesa de trabajo, la presidenta Cuautle Torres, tambi\u00e9n propuso atender de manera directa las necesidades del sector educativo y coordinar esfuerzos en \u00e1reas clave como seguridad, desarrollo urbano sustentable, campa\u00f1as de concientizaci\u00f3n y fortalecimiento acad\u00e9mico.<br>Para evaluar los resultados y continuar con esta ruta, Lupita Cuautle se\u00f1al\u00f3 que dar\u00eda seguimiento a la Agenda con&nbsp;<strong>sesiones trimestrales<\/strong>.<\/p>\n\n\n\n<h2 class=\"wp-block-heading\" id=\"h-universidades-de-san-andres-cholula-que-se-sumaran-a-desarrollo-educativo\">Universidades de San Andr\u00e9s Cholula que se sumaran a desarrollo educativo&nbsp;<\/h2>\n\n\n\n<p>Las y los representantes de instituciones como\u00a0UDLAP,\u00a0<strong>UMAD<\/strong>,\u00a0<strong>An\u00e1huac<\/strong>,\u00a0<strong>UPAEP<\/strong>, Ibero Interamericana,\u00a0<strong>UNILOMAS<\/strong>\u00a0e\u00a0<strong>INQBA\u00a0<\/strong>reconocieron la disposici\u00f3n del Ayuntamiento de San Andr\u00e9s Cholula para implementar el desarrollo educativo.<\/p>\n\n\n\n<p>Tambi\u00e9n refrendaron su apoyo a la presidenta municipal para colaborar en la construcci\u00f3n de entornos m\u00e1s seguros,&nbsp;<strong>inclusivos y propicios para el aprendizaje<\/strong>.<\/p>\n\n\n\n<p>En esta primera sesi\u00f3n, estuvieron presentes las titulares de las\u00a0<strong>Secretar\u00edas de Bienestar<\/strong>,\u00a0<strong>Igualdad Sustantiva de G\u00e9nero<\/strong>,\u00a0<strong>Servicios P\u00fablicos<\/strong>,\u00a0<strong>Seguridad P\u00fablica<\/strong>\u00a0y\u00a0<strong>Protecci\u00f3n Ciudadana<\/strong><br>Y presentaron las estrategias y programas que dise\u00f1aron con el objetivo de fortalecer el v\u00ednculo con la&nbsp;<strong>comunidad universitaria&nbsp;<\/strong>y extender su impacto en&nbsp;<strong>beneficio&nbsp;<\/strong>del desarrollo en la regi\u00f3n de San Andr\u00e9s Cholula.<\/p>\n\n\n\n<p>A trav\u00e9s de este trabajo conjunto, el gobierno municipal y las universidades reafirman su compromiso con el desarrollo educativo en San Andr\u00e9s Cholula. Adem\u00e1s buscar\u00e1n posicionar al municipios como un&nbsp;<strong>referente&nbsp;<\/strong>a&nbsp;<strong>nivel estatal&nbsp;<\/strong>y nacional en&nbsp;<strong>ciencia&nbsp;<\/strong>y&nbsp;<strong>educaci\u00f3n<\/strong>.<\/p>\n","protected":false},"excerpt":{"rendered":"<p>La alcaldesa&nbsp;Lupita Cuautle&nbsp;impulsar\u00e1 el desarrollo educativo en&nbsp;San Andr\u00e9s Cholula&nbsp;junto con universidades privadas. Incentivar\u00e1n el&nbsp;desarrollo urbano sustentable,&nbsp;campa\u00f1as de concientizaci\u00f3n&nbsp;y fortalecimiento acad\u00e9mico. Tambi\u00e9n dar\u00e1n apoyo a estudiantes de bachiller con&nbsp;becas. Durante la primera sesi\u00f3n de la\u00a0Agenda San Andr\u00e9s, Ciudad de la Ciencia y la Educaci\u00f3n, Lupita Cuautle plante\u00f3 impulsar la preparaci\u00f3n universitaria de estudiantes de bachillerato. Con [&hellip;]<\/p>\n","protected":false},"author":4,"featured_media":59717,"comment_status":"open","ping_status":"open","sticky":false,"template":"","format":"standard","meta":{"om_disable_all_campaigns":false,"_monsterinsights_skip_tracking":false,"_monsterinsights_sitenote_active":false,"_monsterinsights_sitenote_note":"","_monsterinsights_sitenote_category":0,"footnotes":""},"categories":[175],"tags":[234,223],"class_list":["post-59716","post","type-post","status-publish","format-standard","has-post-thumbnail","hentry","category-local","tag-cholula","tag-puebla"],"amp_enabled":true,"_links":{"self":[{"href":"https:\/\/lahora.mx\/index.php\/wp-json\/wp\/v2\/posts\/59716","targetHints":{"allow":["GET"]}}],"collection":[{"href":"https:\/\/lahora.mx\/index.php\/wp-json\/wp\/v2\/posts"}],"about":[{"href":"https:\/\/lahora.mx\/index.php\/wp-json\/wp\/v2\/types\/post"}],"author":[{"embeddable":true,"href":"https:\/\/lahora.mx\/index.php\/wp-json\/wp\/v2\/users\/4"}],"replies":[{"embeddable":true,"href":"https:\/\/lahora.mx\/index.php\/wp-json\/wp\/v2\/comments?post=59716"}],"version-history":[{"count":1,"href":"https:\/\/lahora.mx\/index.php\/wp-json\/wp\/v2\/posts\/59716\/revisions"}],"predecessor-version":[{"id":59718,"href":"https:\/\/lahora.mx\/index.php\/wp-json\/wp\/v2\/posts\/59716\/revisions\/59718"}],"wp:featuredmedia":[{"embeddable":true,"href":"https:\/\/lahora.mx\/index.php\/wp-json\/wp\/v2\/media\/59717"}],"wp:attachment":[{"href":"https:\/\/lahora.mx\/index.php\/wp-json\/wp\/v2\/media?parent=59716"}],"wp:term":[{"taxonomy":"category","embeddable":true,"href":"https:\/\/lahora.mx\/index.php\/wp-json\/wp\/v2\/categories?post=59716"},{"taxonomy":"post_tag","embeddable":true,"href":"https:\/\/lahora.mx\/index.php\/wp-json\/wp\/v2\/tags?post=59716"}],"curies":[{"name":"wp","href":"https:\/\/api.w.org\/{rel}","templated":true}]}}